{"id":10045,"date":"2022-09-16T15:40:10","date_gmt":"2022-09-16T20:40:10","guid":{"rendered":"https:\/\/sacramentoqr.com\/?p=10045"},"modified":"2022-09-16T20:40:18","modified_gmt":"2022-09-16T20:40:18","slug":"paises-que-le-dedicaron-un-amistoso-homenaje-a-mexico-por-su-independencia","status":"publish","type":"post","link":"https:\/\/sacramentoqr.com\/?p=10045","title":{"rendered":"Pa\u00edses que le dedicaron un amistoso homenaje a M\u00e9xico por su independencia"},"content":{"rendered":"<h4 class=\"article-subheadline\" style=\"text-align: center;\">La Secretar\u00eda de Relaciones Exteriores (SRE) registr\u00f3 las muestras de afecto que recibi\u00f3 M\u00e9xico a lo largo y ancho del mundo<\/h4>\n<div class=\"byline\">\n<div class=\"byline-text-wrapper\">\n<p class=\"paragraph\"><b>M\u00e9xico celebr\u00f3 el 212 aniversario de su independencia\u00a0<\/b>y los festejos se desbordaron m\u00e1s all\u00e1 de las fronteras mexicanas, pues alrededor del mundo las embajadas y consulados mexicanos dieron el tradicional \u201cGrito de Independencia\u201d.<\/p>\n<p class=\"paragraph\">Y si algo caracteriza a los mexicanos es la<b>\u00a0amistad con otros pueblos<\/b>, la cual fue correspondida en los d\u00edas pasados y alrededor del mundo se iluminaron importantes edificios y monumentos con los colores verde, blanco y rojo.<\/p>\n<p class=\"paragraph\">La\u00a0<b>Secretar\u00eda de Relaciones Exteriores\u00a0<\/b>(SRE) registr\u00f3 las muestras de afecto que recibi\u00f3 M\u00e9xico a lo largo y ancho del mundo.<\/p>\n<p class=\"paragraph\">Canad\u00e1, Estados Unidos, Colombia, Brasil, Paraguay, Qatar, Emiratos \u00c1rabes, Francia, Polonia, se encuentran entre la lista de pa\u00edses amigos que dedicaron un gesto a la celebraci\u00f3n mexicana en la conmemoraci\u00f3n de su independencia.<\/p>\n<p class=\"paragraph\">En pa\u00edses tan lejanos como Filipinas, la celebraci\u00f3n fue compartida por personal de la embajada mexicana en aqu\u00e9l pa\u00eds.<\/p>\n<div class=\"rawHTML raw_html\">\n<p class=\"paragraph\">En Estados Unidos, pa\u00eds que alberga a la mayor comunidad mexicana fuera de nuestro pa\u00eds casi todas las ciudades se iluminaron con los colores de la bandera de M\u00e9xico. Orlando fue una de las ciudades donde se apreci\u00f3 este espect\u00e1culo.<\/p>\n<p class=\"paragraph\">Adem\u00e1s la rueda de la fortuna de Orlando, la cual se puede observar desde cualquier punto de la ciudad.<\/p>\n<p class=\"paragraph\">Tambi\u00e9n en EEUU, uno de los edificios m\u00e1s ic\u00f3nicos, el Empire State, el cual se pint\u00f3 de verde, blanco y rojo la noche de este 15 de septiembre.<\/p>\n<p class=\"paragraph\">En Polonia, el puente Slasko-Dabrowski sobre el r\u00edo Vistula, en Varsovia, fue iluminado en honor de la fiesta nacional de M\u00e9xico.<\/p>\n<p class=\"paragraph\">Qatar, pa\u00eds que tiene puestas las miradas del planeta porque ser\u00e1 sede del mundial de soccer, tambvi\u00e9n se ilumin\u00f3 de verde, blanco y rojo.<\/p>\n<p class=\"paragraph\">Como muestra de amistad con M\u00e9xico, el Palacio de L\u00f3pez en Paraguay se ilumin\u00f3 con los colores verde, blanco y rojo como un gesto por la celebraci\u00f3n del aniversario de nuestra independencia, dijo la SRE.<\/p>\n<h2 class=\"header\">La celebraci\u00f3n en M\u00e9xico<\/h2>\n<p class=\"paragraph\">Despu\u00e9s de dos a\u00f1os, m\u00e1s de 150 mil mexicanos, de distintos estados del pa\u00eds, volvieron al Z\u00f3calo de Ciudad de M\u00e9xico con sombreros, banderas nacionales, camisas a cuadros, camisas con estampados de charros, mariachis, y otros. Todos para celebrar los 212 a\u00f1os del inicio de la lucha de Independencia.<\/p>\n<p class=\"paragraph\">El Grito de Independencia de 2022 inici\u00f3 con un concierto masivo que encabezaron los ic\u00f3nicos Tigres del Norte, quienes pusieron a los miles de mexicanos a bailar y festejar, previo al Grito.<\/p>\n<p class=\"paragraph\">Adem\u00e1s de los invitados de lujo sobre el escenario, expresidentes y personas emblem\u00e1ticas de luchas sociales en Latinoam\u00e9rica tambi\u00e9n se dieron cita en el Palacio Nacional.<\/p>\n<p class=\"paragraph\">Entre ellos Evo Morales, expresidente de Bolivia, y Jos\u00e9 Mujica, exmandatario de Uruguay, quienes fueron recibidos por el canciller Marcelo Ebrard.<\/p>\n<p class=\"paragraph\">\u201cDi la m\u00e1s c\u00e1lida bienvenida a Evo Morales y Jos\u00e9 Mujica, entra\u00f1ables amigos, luchadores por la justicia y la dignidad humana. Vienen a acompa\u00f1ar al pueblo de M\u00e9xico por invitaci\u00f3n del Presidente L\u00f3pez Obrador, bienvenidos\u201d, dio a conocer el diplom\u00e1tico mexicano en Twitter.<\/p>\n<p class=\"paragraph\">Adem\u00e1s, asisti\u00f3 Martin Luther King III, hijo del luchador social Martin Luther King, acompa\u00f1ado de su esposa Arndrea Waters King, como tambi\u00e9n el ling\u00fcista Noam Chomsky.<\/p>\n<p class=\"paragraph\">Tambi\u00e9n se recibi\u00f3 a Aleida Guevara, hija del exguerrillero latinoamericano Ernesto \u201cChe\u201d Guevara, invitada de honor por su activismo por la paz mundial, as\u00ed como a familiares del periodista australiano y fundador de WikiLeaks, Julian Assange, quien fue nombrado recientemente como \u201chu\u00e9sped distinguido\u201d por el presidente mexicano.<\/p>\n<\/div>\n<\/div>\n<\/div>\n","protected":false},"excerpt":{"rendered":"<p>La Secretar\u00eda de Relaciones Exteriores (SRE) registr\u00f3 las muestras de afecto que recibi\u00f3 M\u00e9xico a&#8230;<\/p>\n","protected":false},"author":1,"featured_media":10047,"comment_status":"open","ping_status":"closed","sticky":false,"template":"","format":"standard","meta":{"footnotes":""},"categories":[2,4,5],"tags":[],"class_list":["post-10045","post","type-post","status-publish","format-standard","has-post-thumbnail","hentry","category-cultural","category-espectaculos","category-internacional"],"_links":{"self":[{"href":"https:\/\/sacramentoqr.com\/index.php?rest_route=\/wp\/v2\/posts\/10045","targetHints":{"allow":["GET"]}}],"collection":[{"href":"https:\/\/sacramentoqr.com\/index.php?rest_route=\/wp\/v2\/posts"}],"about":[{"href":"https:\/\/sacramentoqr.com\/index.php?rest_route=\/wp\/v2\/types\/post"}],"author":[{"embeddable":true,"href":"https:\/\/sacramentoqr.com\/index.php?rest_route=\/wp\/v2\/users\/1"}],"replies":[{"embeddable":true,"href":"https:\/\/sacramentoqr.com\/index.php?rest_route=%2Fwp%2Fv2%2Fcomments&post=10045"}],"version-history":[{"count":1,"href":"https:\/\/sacramentoqr.com\/index.php?rest_route=\/wp\/v2\/posts\/10045\/revisions"}],"predecessor-version":[{"id":10046,"href":"https:\/\/sacramentoqr.com\/index.php?rest_route=\/wp\/v2\/posts\/10045\/revisions\/10046"}],"wp:featuredmedia":[{"embeddable":true,"href":"https:\/\/sacramentoqr.com\/index.php?rest_route=\/wp\/v2\/media\/10047"}],"wp:attachment":[{"href":"https:\/\/sacramentoqr.com\/index.php?rest_route=%2Fwp%2Fv2%2Fmedia&parent=10045"}],"wp:term":[{"taxonomy":"category","embeddable":true,"href":"https:\/\/sacramentoqr.com\/index.php?rest_route=%2Fwp%2Fv2%2Fcategories&post=10045"},{"taxonomy":"post_tag","embeddable":true,"href":"https:\/\/sacramentoqr.com\/index.php?rest_route=%2Fwp%2Fv2%2Ftags&post=10045"}],"curies":[{"name":"wp","href":"https:\/\/api.w.org\/{rel}","templated":true}]}}