{"id":10081,"date":"2022-09-17T21:10:35","date_gmt":"2022-09-18T02:10:35","guid":{"rendered":"https:\/\/sacramentoqr.com\/?p=10081"},"modified":"2022-09-18T02:10:36","modified_gmt":"2022-09-18T02:10:36","slug":"claudia-sheinbaum-es-recibida-en-congreso-de-morena-con-gritos-de-presidenta-presidenta","status":"publish","type":"post","link":"https:\/\/sacramentoqr.com\/?p=10081","title":{"rendered":"Claudia Sheinbaum es recibida en Congreso de Morena con gritos de \u201cpresidenta, presidenta\u201d"},"content":{"rendered":"<p>Con el grito de presidenta, presidenta y Claudia, Claudia, recibieron a la<strong>\u00a0jefa de Gobierno de la CDMX<\/strong>\u00a0en el\u00a0<strong>Congreso Nacional de Morena<\/strong>\u00a0en la Sala de Armas del Aut\u00f3dromo Hermanos Rodr\u00edguez.<\/p>\n<p>Arropada por sus huestes capitalinas, pero tambi\u00e9n por contigentes de Guerrero y Tabasco, Sheinbaum cruzo los m\u00e1s de 100 metros del pasillo central del recinto rumbo al templete d\u00f3nde ya se encuentra la dirigencia de Morena, gobernadores y secretarios de Estado.<\/p>\n<p>Metros atr\u00e1s, el secretario de\u00a0<strong>Gobernaci\u00f3n, Ad\u00e1n Augusto L\u00f3pez,<\/strong>\u00a0camin\u00f3 por el mismo pasillo tom\u00e1ndose selfies, recibiendo saludos y abrazos de los Congresistas.<\/p>\n<p>Los gobernadores de Campeche, Layda Sansores; de Nayarit, Miguel \u00c1ngel Navarro, de Zacatecas, David Monreal; y los electos de Oaxaca, Salomon Jara; y de Hidalgo, Julio Menchaca, ya se encuentra en el c\u00f3nclave morenista.<\/p>\n<div>\n<div id=\"dfp-ad-eluniversal_com_mx_responsive_box_interarticle_2-wrapper\" class=\"dfp-tag-wrapperNew\">\n<div id=\"div-gpt-ad-8896524-2\" class=\"dfp-tag-wrapperNew\" data-google-query-id=\"CMvTqrehnfoCFcMJTwgd0nMC2Q\"><\/div>\n<\/div>\n<\/div>\n","protected":false},"excerpt":{"rendered":"<p>Con el grito de presidenta, presidenta y Claudia, Claudia, recibieron a la\u00a0jefa de Gobierno de&#8230;<\/p>\n","protected":false},"author":1,"featured_media":10083,"comment_status":"open","ping_status":"closed","sticky":false,"template":"","format":"standard","meta":{"footnotes":""},"categories":[7,9],"tags":[],"class_list":["post-10081","post","type-post","status-publish","format-standard","has-post-thumbnail","hentry","category-nacional","category-politica"],"_links":{"self":[{"href":"https:\/\/sacramentoqr.com\/index.php?rest_route=\/wp\/v2\/posts\/10081","targetHints":{"allow":["GET"]}}],"collection":[{"href":"https:\/\/sacramentoqr.com\/index.php?rest_route=\/wp\/v2\/posts"}],"about":[{"href":"https:\/\/sacramentoqr.com\/index.php?rest_route=\/wp\/v2\/types\/post"}],"author":[{"embeddable":true,"href":"https:\/\/sacramentoqr.com\/index.php?rest_route=\/wp\/v2\/users\/1"}],"replies":[{"embeddable":true,"href":"https:\/\/sacramentoqr.com\/index.php?rest_route=%2Fwp%2Fv2%2Fcomments&post=10081"}],"version-history":[{"count":1,"href":"https:\/\/sacramentoqr.com\/index.php?rest_route=\/wp\/v2\/posts\/10081\/revisions"}],"predecessor-version":[{"id":10082,"href":"https:\/\/sacramentoqr.com\/index.php?rest_route=\/wp\/v2\/posts\/10081\/revisions\/10082"}],"wp:featuredmedia":[{"embeddable":true,"href":"https:\/\/sacramentoqr.com\/index.php?rest_route=\/wp\/v2\/media\/10083"}],"wp:attachment":[{"href":"https:\/\/sacramentoqr.com\/index.php?rest_route=%2Fwp%2Fv2%2Fmedia&parent=10081"}],"wp:term":[{"taxonomy":"category","embeddable":true,"href":"https:\/\/sacramentoqr.com\/index.php?rest_route=%2Fwp%2Fv2%2Fcategories&post=10081"},{"taxonomy":"post_tag","embeddable":true,"href":"https:\/\/sacramentoqr.com\/index.php?rest_route=%2Fwp%2Fv2%2Ftags&post=10081"}],"curies":[{"name":"wp","href":"https:\/\/api.w.org\/{rel}","templated":true}]}}