{"id":10177,"date":"2022-09-22T17:14:16","date_gmt":"2022-09-22T22:14:16","guid":{"rendered":"https:\/\/sacramentoqr.com\/?p=10177"},"modified":"2022-09-22T22:14:17","modified_gmt":"2022-09-22T22:14:17","slug":"sismo-22-de-septiembre-en-cdmx-claudia-sheinbaum-alerta-por-alto-riesgo-en-edificio-de-dr-lucio-126","status":"publish","type":"post","link":"https:\/\/sacramentoqr.com\/?p=10177","title":{"rendered":"Sismo 22 de septiembre en CDMX: Claudia Sheinbaum alerta por \u201calto riesgo\u201d en edificio de Dr. Lucio 126"},"content":{"rendered":"<div class=\"story-subheadline\">Por el sismo de hoy 22 de septiembre, Claudia Sheinbaum alerta por \u201calto riesgo\u201d en un el edificio de Dr. Lucio 126 en la CDMX.<\/div>\n<div class=\"main-image-container\">\n<p class=\"default__StyledText-sc-1x318ic-0 bRircF\">Tras el\u00a0<b>sismo de magnitud 6.9 de hoy 22 de septiembre<\/b>, el cual se percibi\u00f3 en la Ciudad de M\u00e9xico (<b>CDMX<\/b>), la jefa de gobierno,\u00a0<b>Claudia Sheinbaum, alert\u00f3 por \u201calto riesgo\u201d en el edificio de Dr. Lucio 126.<\/b><\/p>\n<p class=\"default__StyledText-sc-1x318ic-0 bRircF\">La madrugada de este 22 de septiembre, se registr\u00f3\u00a0<b>un<\/b><u><b>\u00a0sismo de magnitud 6.9<\/b><\/u><b>\u00a0<\/b>con epicentro a 84 kil\u00f3metros al sur de Coalcoman, Michoac\u00e1n.<\/p>\n<p class=\"default__StyledText-sc-1x318ic-0 bRircF\">El sismo fue<b>\u00a0<\/b><u><b>percibido<\/b><\/u><b>\u00a0p<\/b>or alrededor de 38.7 millones de personas en 11 estados adem\u00e1s de la CDMX, donde gobierna\u00a0<b>Claudia Sheinbaum<\/b>, entre ellos:<\/p>\n<ul class=\"list__StyledUnorderedList-sc-1r0k0z3-2 fjCsWp\">\n<li style=\"list-style-type: none;\">\n<ul class=\"list__StyledUnorderedList-sc-1r0k0z3-2 fjCsWp\">\n<li class=\"list__StyledListItem-sc-1r0k0z3-0 jjxqvO\">Jalisco<\/li>\n<li class=\"list__StyledListItem-sc-1r0k0z3-0 jjxqvO\">Zacatecas<\/li>\n<li class=\"list__StyledListItem-sc-1r0k0z3-0 jjxqvO\">Guerrero<\/li>\n<li class=\"list__StyledListItem-sc-1r0k0z3-0 jjxqvO\">Colima<\/li>\n<li class=\"list__StyledListItem-sc-1r0k0z3-0 jjxqvO\">Guanajuato<\/li>\n<li class=\"list__StyledListItem-sc-1r0k0z3-0 jjxqvO\">Estado de M\u00e9xico<\/li>\n<li class=\"list__StyledListItem-sc-1r0k0z3-0 jjxqvO\">Oaxaca<\/li>\n<li class=\"list__StyledListItem-sc-1r0k0z3-0 jjxqvO\">Puebla<\/li>\n<li class=\"list__StyledListItem-sc-1r0k0z3-0 jjxqvO\">Tlaxcala<\/li>\n<\/ul>\n<\/li>\n<\/ul>\n<p class=\"default__StyledText-sc-1x318ic-0 bRircF\">De acuerdo con el reporte del Protocolo de Emergencia desplegado posterior al sismo de esta madrugada en la ciudad, y tras las inspecciones realizadas, se determin\u00f3 que el\u00a0<b>edificio de Dr. Lucio 126 presenta riesgos mayores,<\/b>\u00a0por lo que tendr\u00e1 que\u00a0<u>ser evacuado.<\/u><\/p>\n<h2 class=\"heading__StyledHeading-sc-14htiis-0 brJAZw\">Claudia Sheinbaum informa da\u00f1os en edificio de Dr. Lucio 126 por sismo de hoy 22 de septiembre<\/h2>\n<p class=\"default__StyledText-sc-1x318ic-0 bRircF\">Durante la conferencia para informar el reporte del Protocolo de Emergencia desplegado posterior al sismo de hoy 22 de septiembre,\u00a0<b>Claudia Sheinbaum inform\u00f3 que un edificio en Dr. Lucio 126 presenta riesgos mayores.<\/b><\/p>\n<p class=\"default__StyledText-sc-1x318ic-0 bRircF\">De acuerdo con las palabras de los funcionarios capitalinos,\u00a0<b>el edificio ubicado en la\u00a0<\/b><u><b>colonia Doctores\u00a0<\/b><\/u><b>de la alcald\u00eda Cuauht\u00e9moc no fue reportado para su inspecci\u00f3n.<\/b><\/p>\n<p class=\"default__StyledText-sc-1x318ic-0 bRircF\">Sin embargo, su edificio contiguo s\u00ed, por lo que elementos del Padr\u00f3n de Directores Responsables de Obra y Corresponsables (<b>DRO<\/b>), acudieron a inspeccionar y\u00a0<u>determinaron que el edificio de Dr. Lucio 126 presentaba mayores da\u00f1os que el inmueble reportado.<\/u><\/p>\n<p class=\"default__StyledText-sc-1x318ic-0 bRircF\">Por lo que\u00a0<b>se emiti\u00f3 la c\u00e9lula de alto riesgo<\/b>\u00a0y se determin\u00f3 que\u00a0<b>se debe de desalojar\u00a0<\/b>para entrar a hacer el dictamen detallado correspondiente.<\/p>\n<p class=\"default__StyledText-sc-1x318ic-0 bRircF\">De acuerdo con lo referido, el edificio se utiliza como oficinas particulares, por lo que ser\u00e1n los\u00a0<u>due\u00f1os quienes realicen las reparaciones pertinentes<\/u>\u00a0para que el inmueble contin\u00fae en uso.<\/p>\n<p class=\"default__StyledText-sc-1x318ic-0 bRircF\">Ya que, de acuerdo con Claudia Sheinbaum, en cuanto a los detrimentos en oficinas nunca se ha dado apoyo a menos de que se trate de da\u00f1os mayores que necesiten demolici\u00f3n.<\/p>\n<h2 class=\"heading__StyledHeading-sc-14htiis-0 brJAZw\">Reporte de da\u00f1os por sismo de hoy 22 de septiembre en la CDMX<\/h2>\n<p class=\"default__StyledText-sc-1x318ic-0 bRircF\">Del mismo modo se indic\u00f3 que desde el sismo del 19 de septiembre, hasta el de este 22 de septiembre, la CDMX ha recibido\u00a0<u>21 solicitudes de inspecci\u00f3n de inmuebles<\/u>, de las cuales\u00a0<b>4 resultaron con riesgo medio<\/b>.<\/p>\n<p class=\"default__StyledText-sc-1x318ic-0 bRircF\">Asimismo, se se\u00f1al\u00f3 que<b>\u00a0176 escuelas solicitaron revisi\u00f3n<\/b>, de ellas 120 fueron inspecciones, encontrando que ninguna tiene da\u00f1os mayores, 113 da\u00f1os menores y\u00a0<b>7 presentan riesgo medios.<\/b><\/p>\n<p class=\"default__StyledText-sc-1x318ic-0 bRircF\">Igualmente se indic\u00f3 que la duraci\u00f3n del sismo de magnitud 6.9 de hoy 22 de septiembre dur\u00f3 cerca de 48 segundos, y que el 98% de los\u00a0<u>altavoces de la alerta s\u00edsmica<\/u>\u00a0sonaron.<\/p>\n<p class=\"default__StyledText-sc-1x318ic-0 bRircF\">Reportando la\u00a0<b>falla de \u00fanicamente 260 alertas en la CDMX<\/b>.<\/p>\n<h2 class=\"heading__StyledHeading-sc-14htiis-0 brJAZw\">Claudia Sheinbaum, una de las aspirantes a la presidencia en las elecciones 2024<\/h2>\n<p class=\"default__StyledText-sc-1x318ic-0 bRircF\">Claudia Sheinbaum es una de las aspirantes a la candidatura rumbo a la presidencia en las elecciones 2024.<\/p>\n<p class=\"default__StyledText-sc-1x318ic-0 bRircF\">De acuerdo con el<b>\u00a0<\/b><b>tracking diario de hoy 22 de septiembre, de SDPnoticias y MetricsMX<\/b><b>, Claudia Sheinbaum<\/b>\u00a0cuenta con el\u00a0<b>31.1%<\/b>\u00a0del apoyo de las y los mexicanos.<\/p>\n<p class=\"default__StyledText-sc-1x318ic-0 bRircF\">Coloc\u00e1ndose as\u00ed como la preferida de Morena para la contienda de la silla presidencial.<\/p>\n<h2 class=\"heading__StyledHeading-sc-14htiis-0 brJAZw\">Claudia Sheinbaum y su aprobaci\u00f3n como jefa de gobierno de la CDMX<\/h2>\n<p class=\"default__StyledText-sc-1x318ic-0 bRircF\">Claudia Sheinbaum es una de las gobernadoras mejor calificadas por los mexicanos, encontr\u00e1ndose dentro de los primeros 10 puestos seg\u00fan la\u00a0<b>encuesta de MetricsMX sobre el nivel de aprobaci\u00f3n de los mandatarios estatales.<\/b><\/p>\n<p class=\"default__StyledText-sc-1x318ic-0 bRircF\">Dicha encuesta coloca a\u00a0<b>Claudia Sheinbaum<\/b>\u00a0en la\u00a0<b>posici\u00f3n n\u00famero 7 con el 66.3% de aprobaci\u00f3n<\/b>\u00a0de los capitalinos, s\u00f3lo por debajo de:<\/p>\n<ul class=\"list__StyledUnorderedList-sc-1r0k0z3-2 fjCsWp\">\n<li class=\"list__StyledListItem-sc-1r0k0z3-0 jjxqvO\">Mauricio Kuri (PAN) \u2013 Quer\u00e9taro 68.6%<\/li>\n<li class=\"list__StyledListItem-sc-1r0k0z3-0 jjxqvO\">Rub\u00e9n Rocha (Morena) \u2013 Sinaloa 67.9%<\/li>\n<li class=\"list__StyledListItem-sc-1r0k0z3-0 jjxqvO\">Alfonso Durazo (Morena) \u2013 Sonora 67.3%<\/li>\n<li class=\"list__StyledListItem-sc-1r0k0z3-0 jjxqvO\">Mauricio Vila (PAN) \u2013 Yucat\u00e1n 66.9%<\/li>\n<li class=\"list__StyledListItem-sc-1r0k0z3-0 jjxqvO\">Miguel Navarro (Morena) \u2013 Nayarit 66.8%<\/li>\n<li class=\"list__StyledListItem-sc-1r0k0z3-0 jjxqvO\">Mar\u00eda Eugenia Campos (PAN) \u2013 Chihuahua 66.5%<\/li>\n<\/ul>\n<\/div>\n","protected":false},"excerpt":{"rendered":"<p>Por el sismo de hoy 22 de septiembre, Claudia Sheinbaum alerta por \u201calto riesgo\u201d en&#8230;<\/p>\n","protected":false},"author":1,"featured_media":10179,"comment_status":"open","ping_status":"closed","sticky":false,"template":"","format":"standard","meta":{"footnotes":""},"categories":[7],"tags":[],"class_list":["post-10177","post","type-post","status-publish","format-standard","has-post-thumbnail","hentry","category-nacional"],"_links":{"self":[{"href":"https:\/\/sacramentoqr.com\/index.php?rest_route=\/wp\/v2\/posts\/10177","targetHints":{"allow":["GET"]}}],"collection":[{"href":"https:\/\/sacramentoqr.com\/index.php?rest_route=\/wp\/v2\/posts"}],"about":[{"href":"https:\/\/sacramentoqr.com\/index.php?rest_route=\/wp\/v2\/types\/post"}],"author":[{"embeddable":true,"href":"https:\/\/sacramentoqr.com\/index.php?rest_route=\/wp\/v2\/users\/1"}],"replies":[{"embeddable":true,"href":"https:\/\/sacramentoqr.com\/index.php?rest_route=%2Fwp%2Fv2%2Fcomments&post=10177"}],"version-history":[{"count":1,"href":"https:\/\/sacramentoqr.com\/index.php?rest_route=\/wp\/v2\/posts\/10177\/revisions"}],"predecessor-version":[{"id":10178,"href":"https:\/\/sacramentoqr.com\/index.php?rest_route=\/wp\/v2\/posts\/10177\/revisions\/10178"}],"wp:featuredmedia":[{"embeddable":true,"href":"https:\/\/sacramentoqr.com\/index.php?rest_route=\/wp\/v2\/media\/10179"}],"wp:attachment":[{"href":"https:\/\/sacramentoqr.com\/index.php?rest_route=%2Fwp%2Fv2%2Fmedia&parent=10177"}],"wp:term":[{"taxonomy":"category","embeddable":true,"href":"https:\/\/sacramentoqr.com\/index.php?rest_route=%2Fwp%2Fv2%2Fcategories&post=10177"},{"taxonomy":"post_tag","embeddable":true,"href":"https:\/\/sacramentoqr.com\/index.php?rest_route=%2Fwp%2Fv2%2Ftags&post=10177"}],"curies":[{"name":"wp","href":"https:\/\/api.w.org\/{rel}","templated":true}]}}