{"id":10180,"date":"2022-09-22T17:16:13","date_gmt":"2022-09-22T22:16:13","guid":{"rendered":"https:\/\/sacramentoqr.com\/?p=10180"},"modified":"2022-09-22T22:16:13","modified_gmt":"2022-09-22T22:16:13","slug":"claudia-sheinbaum-sigue-arriba-en-las-preferencias","status":"publish","type":"post","link":"https:\/\/sacramentoqr.com\/?p=10180","title":{"rendered":"Claudia Sheinbaum\u2026 Sigue arriba en las preferencias"},"content":{"rendered":"<p>Seg\u00fan el Estudio de Opini\u00f3n P\u00fablica, septiembre 2022, publicado por De las Heras Demotecnia, la atenci\u00f3n del pr\u00f3ximo proceso electoral federal se concentra exclusivamente al interior del partido en el gobierno.<\/p>\n<p>Coincidente con el resultado de los m\u00e1s recientes estudios, para Demotecnia, no s\u00f3lo el Movimiento de Regeneraci\u00f3n Nacional (MORENA) resulta el partido con el que m\u00e1s se identifican los entrevistados (44%), sino en el que se concentran de forma abrumadora las preferencias de votaci\u00f3n (57%) en alianza con el PT y el PVEM.<\/p>\n<p>Sobre dicho escenario, MORENA ganar\u00eda las pr\u00f3ximas elecciones con cualquiera de sus aspirantes, sin embargo resalta CLAUDIA SHEINBAUM, la actual Jefa de Gobierno de la Capital del pa\u00eds, quien obtiene los m\u00e1s altos porcentajes de votaci\u00f3n (entre el 55% y el 59%) con ventajas que alcanzan hasta los 43 puntos sobre los distintos frentes opositores.<\/p>\n<p>A SHEINBAUM le siguen MARCELO EBRARD, quien alcanza una votaci\u00f3n m\u00e1xima del 54% y ADAN AUGUSTO LOPEZ con un m\u00e1ximo de 48% sobre la oposici\u00f3n\u2026<\/p>\n","protected":false},"excerpt":{"rendered":"<p>Seg\u00fan el Estudio de Opini\u00f3n P\u00fablica, septiembre 2022, publicado por De las Heras Demotecnia, la&#8230;<\/p>\n","protected":false},"author":1,"featured_media":10182,"comment_status":"open","ping_status":"closed","sticky":false,"template":"","format":"standard","meta":{"footnotes":""},"categories":[7,9],"tags":[],"class_list":["post-10180","post","type-post","status-publish","format-standard","has-post-thumbnail","hentry","category-nacional","category-politica"],"_links":{"self":[{"href":"https:\/\/sacramentoqr.com\/index.php?rest_route=\/wp\/v2\/posts\/10180","targetHints":{"allow":["GET"]}}],"collection":[{"href":"https:\/\/sacramentoqr.com\/index.php?rest_route=\/wp\/v2\/posts"}],"about":[{"href":"https:\/\/sacramentoqr.com\/index.php?rest_route=\/wp\/v2\/types\/post"}],"author":[{"embeddable":true,"href":"https:\/\/sacramentoqr.com\/index.php?rest_route=\/wp\/v2\/users\/1"}],"replies":[{"embeddable":true,"href":"https:\/\/sacramentoqr.com\/index.php?rest_route=%2Fwp%2Fv2%2Fcomments&post=10180"}],"version-history":[{"count":1,"href":"https:\/\/sacramentoqr.com\/index.php?rest_route=\/wp\/v2\/posts\/10180\/revisions"}],"predecessor-version":[{"id":10181,"href":"https:\/\/sacramentoqr.com\/index.php?rest_route=\/wp\/v2\/posts\/10180\/revisions\/10181"}],"wp:featuredmedia":[{"embeddable":true,"href":"https:\/\/sacramentoqr.com\/index.php?rest_route=\/wp\/v2\/media\/10182"}],"wp:attachment":[{"href":"https:\/\/sacramentoqr.com\/index.php?rest_route=%2Fwp%2Fv2%2Fmedia&parent=10180"}],"wp:term":[{"taxonomy":"category","embeddable":true,"href":"https:\/\/sacramentoqr.com\/index.php?rest_route=%2Fwp%2Fv2%2Fcategories&post=10180"},{"taxonomy":"post_tag","embeddable":true,"href":"https:\/\/sacramentoqr.com\/index.php?rest_route=%2Fwp%2Fv2%2Ftags&post=10180"}],"curies":[{"name":"wp","href":"https:\/\/api.w.org\/{rel}","templated":true}]}}