{"id":10201,"date":"2022-09-23T17:32:07","date_gmt":"2022-09-23T22:32:07","guid":{"rendered":"https:\/\/sacramentoqr.com\/?p=10201"},"modified":"2022-09-23T22:32:08","modified_gmt":"2022-09-23T22:32:08","slug":"sheinbaum-explica-a-jorge-ramos-la-esencia-de-la-violencia-amlo-solo-fallo-una-vez","status":"publish","type":"post","link":"https:\/\/sacramentoqr.com\/?p=10201","title":{"rendered":"Sheinbaum explica a Jorge Ramos la esencia de la violencia\u2026 AMLO solo fall\u00f3 una vez"},"content":{"rendered":"<h4 class=\"story-subheadline\" style=\"text-align: center;\">Jorge Ramos no quiere entender que en el peor momento \u2014 de M\u00e9xico y de la humanidad toda\u2014 los mexicanos y las mexicanas tenemos en L\u00f3pez Obrador al mejor presidente posible.<\/h4>\n<div class=\"main-image-container\">\n<h4 class=\"heading__StyledHeading-sc-14htiis-0 brJAZw\" style=\"text-align: center;\"><b>Jorge Ramos, mucho m\u00e1s listo que los periodistas mexicanos de gran fama<\/b><\/h4>\n<p class=\"default__StyledText-sc-1x318ic-0 bRircF\">Voy a destacar el hecho de que en la\u00a0<i><b>ma\u00f1anera<\/b><\/i>\u00a0de ayer el presidente\u00a0<b>L\u00f3pez Obrador\u00a0<\/b>fuera tan generoso con el periodista\u00a0<b>Jorge Ramos<\/b>, quien se present\u00f3 como representante \u201cde\u00a0<i>Univisi\u00f3n<\/i>\u00a0y\u00a0<i>Reforma<\/i>\u201d.<\/p>\n<p class=\"default__StyledText-sc-1x318ic-0 bRircF\">Andr\u00e9s Manuel dijo que Ramos era su invitado y que por eso le permit\u00eda hablar antes que a otros reporteros: \u201cYa le vamos a dar la palabra a Jorge, porque est\u00e1 de invitado aqu\u00ed; especial. Y siempre hay que ser generosos con los que nos visitan\u201d.<\/p>\n<p class=\"default__StyledText-sc-1x318ic-0 bRircF\">Jorge Ramos con educaci\u00f3n fue amable con\u00a0<b>Andr\u00e9s Manuel<\/b>: \u201cLe agradezco la oportunidad de preguntar con absoluta libertad. He venido, esta es la cuarta ocasi\u00f3n\u201d.<\/p>\n<p class=\"default__StyledText-sc-1x318ic-0 bRircF\">Cada vez que Ramos ha ido a la\u00a0<i><b>ma\u00f1anera<\/b><\/i>\u00a0ha incrementado su popularidad frente a un p\u00fablico, el mexicano, que no lo ve en TV: \u00e9l trabaja para una cadena en espa\u00f1ol de Estados Unidos.<\/p>\n<p class=\"default__StyledText-sc-1x318ic-0 bRircF\">El se\u00f1or Ramos ha sido m\u00e1s listo que los y las periodistas de M\u00e9xico, que se quejan mucho de AMLO pero no han aprovechado la apertura de las\u00a0<i>ma\u00f1aneras<\/i>\u00a0para debatir con el presidente.<\/p>\n<p class=\"default__StyledText-sc-1x318ic-0 bRircF\">Se han equivocado al no asistir a las\u00a0<i>ma\u00f1aneras<\/i>\u00a0Raymundo Riva Palacio, Carlos Loret de Mola, Ciro G\u00f3mez Leyva, Denise Maerker, Joaquin L\u00f3pez-D\u00f3riga, Carlos Mar\u00edn, Danielle Dithurbide, H\u00e9ctor Aguilar Cam\u00edn, Armando\u00a0<i>Cat\u00f3n<\/i>\u00a0Fuentes Aguirre, Jorge Casta\u00f1eda, Guadalupe Loaeza, Pepe C\u00e1rdenas, Sergio Sarmiento, Martha Anaya, Lupita Ju\u00e1rez, Dar\u00edo Celis, Lilly T\u00e9llez, Salvador Garc\u00eda Soto, etc\u00e9tera.<\/p>\n<p class=\"default__StyledText-sc-1x318ic-0 bRircF\">Hay varias posibles explicaciones acerca de por qu\u00e9 no participan en las ma\u00f1aneras las estrellas de nuestros medios de comunicaci\u00f3n:<\/p>\n<ul class=\"list__StyledUnorderedList-sc-1r0k0z3-2 fjCsWp\">\n<li>1.\u00a0Les da flojera levantarse y trasladarse de madrugada al centro de la Ciudad de M\u00e9xico.<\/li>\n<li>2.\u00a0No van a las\u00a0ma\u00f1aneras\u00a0por pura arrogancia: exigen entrevistas para ellos solos o mejor nada.<\/li>\n<li>3.\u00a0No les dejan sus patrones en los medios ya que no conf\u00edan en que vayan a portarse bien sus periodistas.<\/li>\n<li>4.\u00a0Piensan que AMLO no les dar\u00e1 la palabra y que, por lo tanto, van a perder el tiempo.<\/li>\n<li>5.\u00a0Tienen miedo a que la gente simpatizante de Andr\u00e9s Manuel les cuestione todav\u00eda m\u00e1s de lo que ya lo hace si se ponen necios en las conferencias de prensa del presidente.<\/li>\n<li class=\"list__StyledListItem-sc-1r0k0z3-0 jjxqvO\">6.\u00a0Todas las anteriores.<\/li>\n<\/ul>\n<p class=\"default__StyledText-sc-1x318ic-0 bRircF\">Creo que las\u00a0<b>estrellas medi\u00e1ticas mexicanas<\/b>\u00a0deber\u00edan ir a las\u00a0<i>ma\u00f1aneras<\/i>\u00a0a dialogar con el \u00fanico presidente en la historia de M\u00e9xico capaz de debatir con cualquiera, por famoso que sea. Les va a ir bien, como a Jorge Ramos.<\/p>\n<p class=\"default__StyledText-sc-1x318ic-0 bRircF\">Recuerdo, por cierto, una asistencia de Julio\u00a0<i>Astillero<\/i>\u00a0Hern\u00e1ndez a Palacio Nacional para protestar por algo que ah\u00ed le dijeron. El colaborador de\u00a0<i>La Jornada<\/i>\u00a0dijo lo que quiso y seguramente quedaron satisfechos \u00e9l y el presidente.<\/p>\n<p class=\"default__StyledText-sc-1x318ic-0 bRircF\">\u00bfPor qu\u00e9 no voy yo a las ma\u00f1aneras? No soy estrella medi\u00e1tica, me da flojera el solo pensar en trasladarme de madrugada al centro de la capital mexicana y, adem\u00e1s,\u00a0est\u00e1 muy bien representado por el reportero\u00a0<b>Eduardo Esquivel<\/b>.<\/p>\n<h3 class=\"heading__StyledHeading-sc-14htiis-0 brJAZw\"><b>Jorge Ramos no hizo la pregunta correcta<\/b><\/h3>\n<p class=\"default__StyledText-sc-1x318ic-0 bRircF\">De hecho, no hizo ninguna pregunta. O no al inicio de su di\u00e1logo con el\u00a0<b>presidente de M\u00e9xico<\/b>. El periodista de\u00a0<i>Reforma<\/i>\u00a0y\u00a0<i>Univisi\u00f3n<\/i>\u00a0de saque solt\u00f3 un diagn\u00f3stico falso: \u201cTengo que comenzar con malas noticias. Su gobierno ya es el m\u00e1s violento en la historia moderna de M\u00e9xico, ya lo es, se\u00f1or presidente\u201d.<\/p>\n<p class=\"default__StyledText-sc-1x318ic-0 bRircF\">Andr\u00e9s Manuel, desde luego, rechaz\u00f3 lo dicho por Ramos: \u201cNo coincido contigo, no estoy de acuerdo y considero que no tienes raz\u00f3n\u201d.<\/p>\n<p class=\"default__StyledText-sc-1x318ic-0 bRircF\"><b>Andr\u00e9s Manuel L\u00f3pez Obrador\u00a0<\/b>demostr\u00f3 con claridad que el periodista se equivoca, ya que la violencia ha crecido menos este sexenio que lo que creci\u00f3 durante el periodo de Felipe Calder\u00f3n y de Pe\u00f1a Nieto. La argumentaci\u00f3n del presidente puede consultarse en la versi\u00f3n estenogr\u00e1fica de la ma\u00f1anera de ayer.<\/p>\n<p class=\"default__StyledText-sc-1x318ic-0 bRircF\">Pero lo m\u00e1s importante que AMLO le dijo a Ramos fue: \u201cNos cost\u00f3 mucho lograr esto porque la tendencia\u2026. Si no hubi\u00e9semos hecho nada, si no nos hubiese funcionado nuestra estrategia\u2026\u201d.<\/p>\n<p class=\"default__StyledText-sc-1x318ic-0 bRircF\">Es que, sin duda, si no hubiera funcionado\u00a0<b>la estrategia de la 4T<\/b>\u00a0M\u00e9xico ya no ser\u00eda un pa\u00eds viable. La naci\u00f3n que Andr\u00e9s Manuel hered\u00f3 iba directo al desastre total.<\/p>\n<p class=\"default__StyledText-sc-1x318ic-0 bRircF\">No tuvo tiempo Andr\u00e9s Manuel de explicarle con claridad a Ramos\u00a0la esencia del problema. La que s\u00ed lo hizo \u2014ignoro si por el debate entre AMLO y Ramos\u2014 fue la jefa de gobierno de la Ciudad de M\u00e9xico.<\/p>\n<p class=\"default__StyledText-sc-1x318ic-0 bRircF\">En una videocolumna\u00a0<b>Claudia Sheinbaum<\/b>\u00a0explic\u00f3 con claridad\u00a0<b>la esencia de la violencia<\/b>\u00a0que ha enlutado a nuestro pa\u00eds desde 2006.<\/p>\n<p class=\"default__StyledText-sc-1x318ic-0 bRircF\">La esencia de tanta violencia, como dijo Sheinbaum, tiene nombre y apellido:\u00a0<b>Felipe Calder\u00f3n<\/b>, quien no solo caus\u00f3 el problema, sino que lo complic\u00f3 tanto que a ese tipo cabr\u00eda acusarlo de\u00a0<b>genocida<\/b>.<\/p>\n<h3 class=\"heading__StyledHeading-sc-14htiis-0 brJAZw\"><b>Cito a Claudia Sheinbaum, ya que comparto plenamente lo que dijo en su video:<\/b><\/h3>\n<p class=\"default__StyledText-sc-1x318ic-0 bRircF\">\u221a Felipe Calder\u00f3n \u201ctrajo violencia, muerte y mucha corrupci\u00f3n\u201d.<\/p>\n<p class=\"default__StyledText-sc-1x318ic-0 bRircF\">\u221a \u201cNo podemos olvidar que fue Felipe Calder\u00f3n \u2014un presidente que lleg\u00f3 al poder a trav\u00e9s de un fraude\u2014 el que tom\u00f3 la decisi\u00f3n de declarar la guerra al interior del pa\u00eds. \u00c9l con su partido, hicieron esto con el objetivo perverso de legitimarse. \u00c9l dio la orden para hacer de M\u00e9xico un pa\u00eds en guerra\u201d.<\/p>\n<p class=\"default__StyledText-sc-1x318ic-0 bRircF\">\u221a Felipe Calder\u00f3n orden\u00f3 a las\u00a0<b>fuerzas armadas<\/b>\u00a0\u201cmatar si fuese necesario\u201d, sin que se realizaran detenciones o hubiera juicios de por medio.<\/p>\n<p class=\"default__StyledText-sc-1x318ic-0 bRircF\">\u221a\u00a0<b>Felipe Calder\u00f3n<\/b>\u00a0estableci\u00f3 alianzas con grupos del crimen organizado para enfrentar a otras bandas delictivas.<\/p>\n<p class=\"default__StyledText-sc-1x318ic-0 bRircF\">\u221a Calder\u00f3n y su secretario de seguridad,\u00a0<b>Genaro Garc\u00eda Luna\u00a0<\/b>\u2014hoy preso en Estados Unidos\u2014, concretaron relaciones de contubernio con criminales.<\/p>\n<p class=\"default__StyledText-sc-1x318ic-0 bRircF\">\u221a En el sexenio de Calder\u00f3n miles de inocentes fueron encarcelados y se lleg\u00f3 a la inmoralidad extrema de justificar como necesarias las llamadas\u00a0<b>muertes colaterales<\/b>.<\/p>\n<p class=\"default__StyledText-sc-1x318ic-0 bRircF\">\u221a Con Calder\u00f3n aumentaron\u00a0<b>las desapariciones<\/b>.<\/p>\n<p class=\"default__StyledText-sc-1x318ic-0 bRircF\">\u221a La fallida guerra de Felipe Calder\u00f3n sigue causando muertes y provocando los actuales altos niveles de violencia en diferentes regiones de M\u00e9xico.<\/p>\n<p class=\"default__StyledText-sc-1x318ic-0 bRircF\">\u221a Calder\u00f3n sac\u00f3 al ej\u00e9rcito a las calles sin un marco legal que permitiera una actuaci\u00f3n correcta de las fuerzas armadas.<\/p>\n<h3 class=\"heading__StyledHeading-sc-14htiis-0 brJAZw\"><b>Jorge Ramos, por rigor intelectual, en su pr\u00f3xima aparici\u00f3n ma\u00f1anera deber\u00eda tomar en cuenta el contexto<\/b><\/h3>\n<p class=\"default__StyledText-sc-1x318ic-0 bRircF\">Un\u00a0<b>periodista culto<\/b>\u00a0como el se\u00f1or Ramos seguramente reconoce como una falta anal\u00edtica grave presentar hechos sin relacionarlos con acontecimientos que pertenecen al mismo contexto; y es que no hay otra manera de entender las cosas<\/p>\n<p class=\"default__StyledText-sc-1x318ic-0 bRircF\">El pa\u00eds que\u00a0<b>AMLO<\/b>\u00a0recibi\u00f3 en 2018 \u2014con una violencia terrible causada por Calder\u00f3n\u2014, \u00bfc\u00f3mo habr\u00eda sido en 2022 si Andr\u00e9s Manuel no hubiera gobernado M\u00e9xico en estos a\u00f1os, adem\u00e1s sumamente complejos por la pandemia, la guerra de Ucrania y la carest\u00eda global?<\/p>\n<p class=\"default__StyledText-sc-1x318ic-0 bRircF\">Esa es la pregunta, pero Ramos no la hizo. Muchos pensamos que tuvimos suerte de contar con un presidente como\u00a0<b>Andr\u00e9s Manuel<\/b>\u00a0en una \u00e9poca extraordinariamente dif\u00edcil.<\/p>\n<p class=\"default__StyledText-sc-1x318ic-0 bRircF\">Un presidente, L\u00f3pez Obrador, que ha entendido los nuevos tiempos y que, por lo mismo, como parte fundamental de la soluci\u00f3n a los numerosos problemas de la naci\u00f3n, ha confiado en mujeres; ning\u00fan gobernante de M\u00e9xico hab\u00eda sido, en los hechos, tan feminista; hasta entreg\u00f3 la responsabilidad de encabezar las\u00a0<b>Secretar\u00eda de Seguridad\u00a0<\/b>a la experimentada\u00a0<b>Rosa Icela Rodr\u00edguez<\/b>. Y ni caso tiene mencionar que una mujer al fin podr\u00eda despachar en Palacio Nacional.<\/p>\n<p class=\"default__StyledText-sc-1x318ic-0 bRircF\">Puede no estar de acuerdo conmigo don\u00a0<b>Jorge Ramo<\/b>s, pero yo sigo pensando que en el peor momento \u2014no solo de nuestra sociedad, sino de la humanidad toda\u2014 los mexicanos y las mexicanas tenemos al mejor presidente posible.<\/p>\n<p class=\"default__StyledText-sc-1x318ic-0 bRircF\">Creo que eso lo puedo demostrar, y estoy seguro de que a tal conclusi\u00f3n llegar\u00e1 el periodista de\u00a0<i>Univisi\u00f3n<\/i>\u00a0y\u00a0<i>Reforma<\/i>\u00a0si se toma la molestia de analizar el contexto, lo que le facilitar\u00e1 la comprensi\u00f3n de\u00a0cu\u00e1l es la esencia de la violencia que nos aterra.<\/p>\n<h3 class=\"heading__StyledHeading-sc-14htiis-0 brJAZw\"><b>La \u00fanica falla de AMLO<\/b><\/h3>\n<p class=\"default__StyledText-sc-1x318ic-0 bRircF\">Andr\u00e9s Manuel no podr\u00e1 decir que me equivoco. El presidente sabe que fall\u00f3 al haber confiado en gente indigna que invit\u00f3 a participar en su equipo. Pienso en Germ\u00e1n Mart\u00ednez, senador ahora gracias a Morena, pero en 2006 un operador del fraude electoral contra el propio AMLO. No es el \u00fanico. Qu\u00e9 hip\u00f3crita el se\u00f1or Mart\u00ednez en las discusiones legislativas. Por cierto, trabaj\u00f3 en el sexenio de\u00a0<b>Calder\u00f3n<\/b>. Si un d\u00eda hay justicia y se castiga a Felipe por sus fechor\u00edas, Germ\u00e1n deber\u00e1 ser acusado tambi\u00e9n. De lo que jur\u00eddicamente proceda, que sin duda procede mucho porque fue mucho el da\u00f1o que hicieron.,<\/p>\n<\/div>\n","protected":false},"excerpt":{"rendered":"<p>Jorge Ramos no quiere entender que en el peor momento \u2014 de M\u00e9xico y de&#8230;<\/p>\n","protected":false},"author":1,"featured_media":10203,"comment_status":"open","ping_status":"closed","sticky":false,"template":"","format":"standard","meta":{"footnotes":""},"categories":[7,9],"tags":[],"class_list":["post-10201","post","type-post","status-publish","format-standard","has-post-thumbnail","hentry","category-nacional","category-politica"],"_links":{"self":[{"href":"https:\/\/sacramentoqr.com\/index.php?rest_route=\/wp\/v2\/posts\/10201","targetHints":{"allow":["GET"]}}],"collection":[{"href":"https:\/\/sacramentoqr.com\/index.php?rest_route=\/wp\/v2\/posts"}],"about":[{"href":"https:\/\/sacramentoqr.com\/index.php?rest_route=\/wp\/v2\/types\/post"}],"author":[{"embeddable":true,"href":"https:\/\/sacramentoqr.com\/index.php?rest_route=\/wp\/v2\/users\/1"}],"replies":[{"embeddable":true,"href":"https:\/\/sacramentoqr.com\/index.php?rest_route=%2Fwp%2Fv2%2Fcomments&post=10201"}],"version-history":[{"count":1,"href":"https:\/\/sacramentoqr.com\/index.php?rest_route=\/wp\/v2\/posts\/10201\/revisions"}],"predecessor-version":[{"id":10202,"href":"https:\/\/sacramentoqr.com\/index.php?rest_route=\/wp\/v2\/posts\/10201\/revisions\/10202"}],"wp:featuredmedia":[{"embeddable":true,"href":"https:\/\/sacramentoqr.com\/index.php?rest_route=\/wp\/v2\/media\/10203"}],"wp:attachment":[{"href":"https:\/\/sacramentoqr.com\/index.php?rest_route=%2Fwp%2Fv2%2Fmedia&parent=10201"}],"wp:term":[{"taxonomy":"category","embeddable":true,"href":"https:\/\/sacramentoqr.com\/index.php?rest_route=%2Fwp%2Fv2%2Fcategories&post=10201"},{"taxonomy":"post_tag","embeddable":true,"href":"https:\/\/sacramentoqr.com\/index.php?rest_route=%2Fwp%2Fv2%2Ftags&post=10201"}],"curies":[{"name":"wp","href":"https:\/\/api.w.org\/{rel}","templated":true}]}}