{"id":10255,"date":"2022-09-26T17:41:03","date_gmt":"2022-09-26T22:41:03","guid":{"rendered":"https:\/\/sacramentoqr.com\/?p=10255"},"modified":"2022-09-26T22:41:04","modified_gmt":"2022-09-26T22:41:04","slug":"canada-elimina-el-requisitos-por-pandemia-del-covid-19","status":"publish","type":"post","link":"https:\/\/sacramentoqr.com\/?p=10255","title":{"rendered":"Canad\u00e1 elimina el requisitos por pandemia del Covid-19"},"content":{"rendered":"<h4 style=\"text-align: center;\">Entre las medidas est\u00e1 la vacunaci\u00f3n contra el covid-19 y el uso obligatorio de cubrebocas en los aviones.<\/h4>\n<div class=\"mvp-author-info-wrap left relative\">\n<p>El gobierno de Canad\u00e1 anunci\u00f3 este lunes que ya no requerir\u00e1 a la gente usar cubrebocas en los aviones para protegerse contra la Covid-19.<\/p>\n<p>Confirm\u00f3 que a finales de mes, el pa\u00eds retirar\u00e1 el requisito de vacunaci\u00f3n para que la gente pueda ingresar al pa\u00eds.<\/p>\n<p>La agencia Transport Canada, dijo que las normas existentes para el uso de los cubrebocas se retirar\u00e1n el 1 de octubre.<\/p>\n<p>\u201cPodemos hacer esto porque decenas de millones de canadienses se vacunaron\u201d, se\u00f1al\u00f3 el ministro de Transporte, Omar Alghabra.<\/p>\n<p>Canad\u00e1, al igual que Estados Unidos, exige que los extranjeros est\u00e9n vacunados cuando entran al pa\u00eds.<\/p>\n<\/div>\n","protected":false},"excerpt":{"rendered":"<p>Entre las medidas est\u00e1 la vacunaci\u00f3n contra el covid-19 y el uso obligatorio de cubrebocas&#8230;<\/p>\n","protected":false},"author":1,"featured_media":10257,"comment_status":"open","ping_status":"closed","sticky":false,"template":"","format":"standard","meta":{"footnotes":""},"categories":[6,10],"tags":[],"class_list":["post-10255","post","type-post","status-publish","format-standard","has-post-thumbnail","hentry","category-local","category-quintana-roo"],"_links":{"self":[{"href":"https:\/\/sacramentoqr.com\/index.php?rest_route=\/wp\/v2\/posts\/10255","targetHints":{"allow":["GET"]}}],"collection":[{"href":"https:\/\/sacramentoqr.com\/index.php?rest_route=\/wp\/v2\/posts"}],"about":[{"href":"https:\/\/sacramentoqr.com\/index.php?rest_route=\/wp\/v2\/types\/post"}],"author":[{"embeddable":true,"href":"https:\/\/sacramentoqr.com\/index.php?rest_route=\/wp\/v2\/users\/1"}],"replies":[{"embeddable":true,"href":"https:\/\/sacramentoqr.com\/index.php?rest_route=%2Fwp%2Fv2%2Fcomments&post=10255"}],"version-history":[{"count":1,"href":"https:\/\/sacramentoqr.com\/index.php?rest_route=\/wp\/v2\/posts\/10255\/revisions"}],"predecessor-version":[{"id":10256,"href":"https:\/\/sacramentoqr.com\/index.php?rest_route=\/wp\/v2\/posts\/10255\/revisions\/10256"}],"wp:featuredmedia":[{"embeddable":true,"href":"https:\/\/sacramentoqr.com\/index.php?rest_route=\/wp\/v2\/media\/10257"}],"wp:attachment":[{"href":"https:\/\/sacramentoqr.com\/index.php?rest_route=%2Fwp%2Fv2%2Fmedia&parent=10255"}],"wp:term":[{"taxonomy":"category","embeddable":true,"href":"https:\/\/sacramentoqr.com\/index.php?rest_route=%2Fwp%2Fv2%2Fcategories&post=10255"},{"taxonomy":"post_tag","embeddable":true,"href":"https:\/\/sacramentoqr.com\/index.php?rest_route=%2Fwp%2Fv2%2Ftags&post=10255"}],"curies":[{"name":"wp","href":"https:\/\/api.w.org\/{rel}","templated":true}]}}