{"id":10264,"date":"2022-09-27T15:40:13","date_gmt":"2022-09-27T20:40:13","guid":{"rendered":"https:\/\/sacramentoqr.com\/?p=10264"},"modified":"2022-09-27T20:40:23","modified_gmt":"2022-09-27T20:40:23","slug":"mexico-condena-una-subasta-en-nueva-york-de-152-bienes-arqueologicos","status":"publish","type":"post","link":"https:\/\/sacramentoqr.com\/?p=10264","title":{"rendered":"M\u00e9xico condena una subasta en Nueva York de 152 bienes arqueol\u00f3gicos"},"content":{"rendered":"<div class=\"default-epigraph\">\n<div id=\"m21335-21334-21336\" class=\"c-detail__subtitle \">\n<h4 style=\"text-align: center;\">Los tesoros culturales originarios de\u00a0M\u00e9xico\u00a0saldr\u00e1n a puja en una galer\u00eda de la Gran Ciudad<\/h4>\n<\/div>\n<\/div>\n<div class=\"article-info\">\n<div class=\"c-detail__address\">\n<address class=\"c-detail__signature\">\n<div class=\"paragraph\">Este lunes el gobierno de\u00a0<b>M\u00e9xico ha condenado una subasta que se est\u00e1 desarrollando en la ciudad de Nueva York.<\/b>\u00a0La Galer\u00eda Arte Primitivo Howard S. Rose pondr\u00e1 a concurso hasta 152 bienes arqueol\u00f3gicos pertenecientes a la era prehisp\u00e1nica de\u00a0M\u00e9xico.<\/div>\n<div id=\"m21345-21344-21346\" class=\"c-detail__box \">\n<div class=\"paragraph\">El Ministerio de Cultura mexicano y el Instituto Nacional de Antropolog\u00eda e Historia (INAH) emitieron un anuncio en contra de esta futura subasta, cuyo nombre es<b>\u00a0\u00abFine Pre-Columbian &amp; Tribal Art, Classical, Egyptian and Asian Antiquities # 107\u00bb\u00a0<\/b>y en las que se incluyen varias piezas de origen mexicano.<\/div>\n<div class=\"paragraph\">\u00abEl INAH realiz\u00f3 el dictamen en materia de arqueolog\u00eda, del cual se concluye que\u00a0<b>152 son bienes prehisp\u00e1nicos que forman parte del patrimonio cultural de la naci\u00f3n mexicana,<\/b>\u00a0definidos y protegidos por la Ley Federal sobre Monumentos y Zonas Arqueol\u00f3gicos, Art\u00edsticos e Hist\u00f3ricos\u00bb explicaban en el comunicado.<\/p>\n<div class=\"paragraph\">Las instituciones ya han tomado medidas y se han puesto en contacto con el director de los<b>\u00a0Asuntos Policiales Internacionales e Interpol<\/b>, para el intento de repatriaci\u00f3n de estos bienes.<\/div>\n<div class=\"paragraph\">El INAH\u00a0<b>est\u00e1 comprometido en combatir el tr\u00e1fico ilegal<\/b>\u00a0de los bienes culturales, siempre dentro de sus competencias, con el objetivo de la recuperaci\u00f3n de los bienes patrimoniales de M\u00e9xico. Ya han rescatado hasta<b>\u00a08.970 piezas desde 2018,<\/b>\u00a0ya que el presidente\u00a0Manuel L\u00f3pez Obrador\u00a0ha priorizado esta tarea.<\/div>\n<h2 class=\"subtitle\">Nueva York, Roma y Par\u00eds<\/h2>\n<div class=\"paragraph\">Nueva York no ha sido la \u00fanica ciudad donde se han celebrado este tipo de subastas \u00abil\u00edcitas\u00bb.\u00a0<b>Roma y Par\u00eds tambi\u00e9n han sido objeto de denuncia<\/b>\u00a0por parte del gobierno de M\u00e9xico debido a que tambi\u00e9n se han celebrado eventos parecidos.<\/div>\n<div class=\"paragraph\">En el \u00e1mbito internacional se ha elogiado la pol\u00edtica de restituci\u00f3n de bienes de M\u00e9xico y en<b>\u00a0la Conferencia Mundial sobre Pol\u00edticas Culturales y Desarrollo Sostenible<\/b>\u00a0<b>(Mondiacult)<\/b>\u00a0ser\u00e1 uno de los temas principales.<\/div>\n<h2 class=\"subtitle\">La conferencia de Mondiacult<\/h2>\n<div class=\"paragraph\">Mondiacult es una conferencia convocada por la\u00a0UNESCO\u00a0junto con el gobierno mexicano 40 a\u00f1os despu\u00e9s de su primera edici\u00f3n en territorio nacional.\u00a0<b>El evento se celebrar\u00e1 del 28 al 30 de septiembre de 2022<\/b>, en Ciudad de M\u00e9xico.<\/div>\n<\/div>\n<\/div>\n<\/address>\n<\/div>\n<\/div>\n","protected":false},"excerpt":{"rendered":"<p>Los tesoros culturales originarios de\u00a0M\u00e9xico\u00a0saldr\u00e1n a puja en una galer\u00eda de la Gran Ciudad Este&#8230;<\/p>\n","protected":false},"author":1,"featured_media":10266,"comment_status":"open","ping_status":"closed","sticky":false,"template":"","format":"standard","meta":{"footnotes":""},"categories":[2,4,7],"tags":[],"class_list":["post-10264","post","type-post","status-publish","format-standard","has-post-thumbnail","hentry","category-cultural","category-espectaculos","category-nacional"],"_links":{"self":[{"href":"https:\/\/sacramentoqr.com\/index.php?rest_route=\/wp\/v2\/posts\/10264","targetHints":{"allow":["GET"]}}],"collection":[{"href":"https:\/\/sacramentoqr.com\/index.php?rest_route=\/wp\/v2\/posts"}],"about":[{"href":"https:\/\/sacramentoqr.com\/index.php?rest_route=\/wp\/v2\/types\/post"}],"author":[{"embeddable":true,"href":"https:\/\/sacramentoqr.com\/index.php?rest_route=\/wp\/v2\/users\/1"}],"replies":[{"embeddable":true,"href":"https:\/\/sacramentoqr.com\/index.php?rest_route=%2Fwp%2Fv2%2Fcomments&post=10264"}],"version-history":[{"count":1,"href":"https:\/\/sacramentoqr.com\/index.php?rest_route=\/wp\/v2\/posts\/10264\/revisions"}],"predecessor-version":[{"id":10265,"href":"https:\/\/sacramentoqr.com\/index.php?rest_route=\/wp\/v2\/posts\/10264\/revisions\/10265"}],"wp:featuredmedia":[{"embeddable":true,"href":"https:\/\/sacramentoqr.com\/index.php?rest_route=\/wp\/v2\/media\/10266"}],"wp:attachment":[{"href":"https:\/\/sacramentoqr.com\/index.php?rest_route=%2Fwp%2Fv2%2Fmedia&parent=10264"}],"wp:term":[{"taxonomy":"category","embeddable":true,"href":"https:\/\/sacramentoqr.com\/index.php?rest_route=%2Fwp%2Fv2%2Fcategories&post=10264"},{"taxonomy":"post_tag","embeddable":true,"href":"https:\/\/sacramentoqr.com\/index.php?rest_route=%2Fwp%2Fv2%2Ftags&post=10264"}],"curies":[{"name":"wp","href":"https:\/\/api.w.org\/{rel}","templated":true}]}}