{"id":10306,"date":"2022-09-29T16:06:30","date_gmt":"2022-09-29T21:06:30","guid":{"rendered":"https:\/\/sacramentoqr.com\/?p=10306"},"modified":"2022-09-29T21:06:31","modified_gmt":"2022-09-29T21:06:31","slug":"develan-en-cozumel-la-cuarta-antimonumenta-de-quintana-roo","status":"publish","type":"post","link":"https:\/\/sacramentoqr.com\/?p=10306","title":{"rendered":"Develan en Cozumel la cuarta antimonumenta de Quintana Roo"},"content":{"rendered":"<div class=\"single-blog-content mt-30\">\n<h4 style=\"text-align: center;\">Es un reclamo a los \u00bbgobiernos corruptos que hemos tenido\u00bb, se\u00f1al\u00f3 la Red Feminista<\/h4>\n<p>Los colectivos feministas de Cozumel Golondrinas Libres y Rosas Moradas, en conjunto con la Red Feminista Quintanarroense, develaron la noche de este mi\u00e9rcoles una antimonumenta, en el marco de las actividades para conmemorar el D\u00eda de Acci\u00f3n Global para la Despenalizaci\u00f3n del Aborto.<\/p>\n<p>La antimonumenta es un s\u00edmbolo del activismo feminista que recuerda la lucha, existencia y resistencia. Son de color morado y en muchos casos se escriben en ellas los nombres de las v\u00edctimas de feminicidio.<\/p>\n<p>\u201cHemos develado la cuarta antimonumenta que la Red Feminista Quintanarroense instala en la entidad. Lo hemos hecho en el municipio del que han emanado los \u00faltimos tres gobernadores del estado, quienes son responsables totalmente del contexto feminicida. Precisamente el 25 de septiembre nos hemos librado del \u00faltimo de ellos y esperamos inicie una nueva etapa en la entidad. Una etapa donde se garanticen los derechos de las mujeres. Esta antimonumenta es una reparaci\u00f3n simb\u00f3lica para las v\u00edctimas de feminicidio, pero tambi\u00e9n un reclamo a esos gobiernos corruptos que hemos tenido\u201d, public\u00f3 la Red Feminista Quintanarroense en redes sociales.<\/p>\n<p>Esta es la cuarta antimonumenta del estado y est\u00e1 ubicada en el parque del reloj, en el centro de la isla. Las otras est\u00e1n en Chetumal, frente al Congreso del estado; en el parque principal de Felipe Carrillo Puerto y en la plaza 28 de Julio, en el municipio de Solidaridad.<\/p>\n<p>Previo a la develaci\u00f3n las activistas realizaron una marcha que parti\u00f3 a las 17 horas del Monumento al Mestizaje y lleg\u00f3 al parque del reloj, monumento ic\u00f3nico de la isla de Cozumel.<\/p>\n<\/div>\n","protected":false},"excerpt":{"rendered":"<p>Es un reclamo a los \u00bbgobiernos corruptos que hemos tenido\u00bb, se\u00f1al\u00f3 la Red Feminista Los&#8230;<\/p>\n","protected":false},"author":1,"featured_media":10308,"comment_status":"open","ping_status":"closed","sticky":false,"template":"","format":"standard","meta":{"footnotes":""},"categories":[6,10],"tags":[],"class_list":["post-10306","post","type-post","status-publish","format-standard","has-post-thumbnail","hentry","category-local","category-quintana-roo"],"_links":{"self":[{"href":"https:\/\/sacramentoqr.com\/index.php?rest_route=\/wp\/v2\/posts\/10306","targetHints":{"allow":["GET"]}}],"collection":[{"href":"https:\/\/sacramentoqr.com\/index.php?rest_route=\/wp\/v2\/posts"}],"about":[{"href":"https:\/\/sacramentoqr.com\/index.php?rest_route=\/wp\/v2\/types\/post"}],"author":[{"embeddable":true,"href":"https:\/\/sacramentoqr.com\/index.php?rest_route=\/wp\/v2\/users\/1"}],"replies":[{"embeddable":true,"href":"https:\/\/sacramentoqr.com\/index.php?rest_route=%2Fwp%2Fv2%2Fcomments&post=10306"}],"version-history":[{"count":1,"href":"https:\/\/sacramentoqr.com\/index.php?rest_route=\/wp\/v2\/posts\/10306\/revisions"}],"predecessor-version":[{"id":10307,"href":"https:\/\/sacramentoqr.com\/index.php?rest_route=\/wp\/v2\/posts\/10306\/revisions\/10307"}],"wp:featuredmedia":[{"embeddable":true,"href":"https:\/\/sacramentoqr.com\/index.php?rest_route=\/wp\/v2\/media\/10308"}],"wp:attachment":[{"href":"https:\/\/sacramentoqr.com\/index.php?rest_route=%2Fwp%2Fv2%2Fmedia&parent=10306"}],"wp:term":[{"taxonomy":"category","embeddable":true,"href":"https:\/\/sacramentoqr.com\/index.php?rest_route=%2Fwp%2Fv2%2Fcategories&post=10306"},{"taxonomy":"post_tag","embeddable":true,"href":"https:\/\/sacramentoqr.com\/index.php?rest_route=%2Fwp%2Fv2%2Ftags&post=10306"}],"curies":[{"name":"wp","href":"https:\/\/api.w.org\/{rel}","templated":true}]}}