{"id":10351,"date":"2022-10-02T15:19:57","date_gmt":"2022-10-02T20:19:57","guid":{"rendered":"https:\/\/sacramentoqr.com\/?p=10351"},"modified":"2022-10-03T20:25:03","modified_gmt":"2022-10-03T20:25:03","slug":"preocupacion-por-aumento-de-denuncias-de-colombianos-inadmitidos-en-mexico","status":"publish","type":"post","link":"https:\/\/sacramentoqr.com\/?p=10351","title":{"rendered":"Preocupaci\u00f3n por aumento de denuncias de colombianos inadmitidos en M\u00e9xico"},"content":{"rendered":"<header>\n<h4 style=\"text-align: center;\">Paula Cort\u00e9s, presidenta de ANATO, la Asociaci\u00f3n Colombiana de Agencias de Viajes y Turismo, revel\u00f3 en La W que de enero a septiembre de este a\u00f1o van 6.625 inadmisiones a colombianos.<\/h4>\n<p>El gremio de las agencias de Viajes,\u00a0<b>Anato, est\u00e1 preocupado por las denuncias de colombianos inadmitidos en M\u00e9xico<\/b>.<\/p>\n<p>Paula Cort\u00e9s, presidenta del gremio, revel\u00f3 en W Radio que esta preocupaci\u00f3n se la han venido manifestando al nuevo Gobierno. Pese a que M\u00e9xico es el segundo pa\u00eds receptivo de colombianos, y viene con un crecimiento este a\u00f1o de un 76% versus el 2019,\u00a0<b>de enero a septiembre de este a\u00f1o van 6.625 inadmisiones a colombianos<\/b>.<\/p>\n<p>Y aunque en marzo se acord\u00f3 con las autoridades mexicanas el preregistro para ingresar a M\u00e9xico, las denuncias contin\u00faan y por eso\u00a0<b>las agencias de viajes est\u00e1n replanteando continuar ofreciendo viajes a ese destino<\/b>.<\/p>\n<p>\u201cLas agencias de viaje nos han manifestado que les va a tocar no seguir entonces ofreciendo\u00a0<b>M\u00e9xico, que es un pa\u00eds para nosotros prioritario, es un pa\u00eds que vende mucho las agencias de viajes en Colombia<\/b>, pero en estas condiciones los mismos pasajeros ya tienen mucho temor de llegar al pa\u00eds\u201d, asever\u00f3 la l\u00edder gremial.<\/p>\n<p>Cort\u00e9s se\u00f1al\u00f3 que se ha comunicado con el vicecanciller, con la c\u00f3nsul en Canc\u00fan y \u201cno encontramos una salida muy clara. Esta ma\u00f1ana habl\u00e9 con el vicecanciller y acordamos una reuni\u00f3n para seguir avanzando con el tema, pero<b>\u00a0el Gobierno tiene que tomar partido urgentemente de esta situaci\u00f3n y ayudar a los colombianos que se encuentran en el aeropuerto mexicano<\/b>\u00a0y devolverlos de manera inmediata\u201d.<\/p>\n<h3><b>\u00bfQu\u00e9 denuncian los afectados?<\/b><\/h3>\n<p>Peter Iv\u00e1n Parra, un colombiano que viaj\u00f3 a M\u00e9xico para celebrar el d\u00e9cimo aniversario junto a su esposa,\u00a0<b>termin\u00f3 siendo\u00a0<\/b><b>inadmitido<\/b><b>\u00a0tras una alerta de las autoridades migratorias<\/b>.<\/p>\n<p>\u201cTuvimos la mala fortuna de llegar a migraci\u00f3n M\u00e9xico y encontrarnos con la sorpresa de ser inadmitidos sin explicaci\u00f3n alguna. Solo nos pidieron los pasaportes y me dijeron a los cinco minutos que yo ten\u00eda una alerta migratoria. Pasamos a una segunda entrevista a la hora diciendo que el consulado ten\u00eda que verificar. Llegu\u00e9 en el vuelo de las 5:00 de la ma\u00f1ana,\u00a0<b>te quitan el celular, los documentos, la billetera y te meten a un cuarto con las condiciones m\u00e1s deplorables<\/b>, un trato inhumano, para los colombianos hay un trato diferente\u201d, dijo Parra.<\/p>\n<p>Camilo* cont\u00f3 que\u00a0<b>su primo viaj\u00f3 junto a dos ni\u00f1os de 4 y 9 a\u00f1os<\/b>. Sin embargo, est\u00e1n en medio de la incertidumbre tras ser inadmitidos.<\/p>\n<p>Tambi\u00e9n se conoci\u00f3 la historia de Luis Madrid, un colombiano que\u00a0<b>viaj\u00f3 con cinco adultos y dos ni\u00f1os desde Medell\u00edn hacia M\u00e9xico<\/b>.<\/p>\n<p>\u201cDesde que llegamos notamos algo extra\u00f1o, a todos los colombianos nos estaban llevando a un cuarto, tomaron nuestros pasaportes porque ten\u00edamos planeado el viaje hace como cuatro meses.\u00a0<b>Nos pasaron al cuarto migratorio y nos dijeron que no cont\u00e1ramos el dinero porque, as\u00ed como todos los colombianos, ten\u00edamos inconsistencias<\/b>\u201d, asegur\u00f3 Luis Madrid.<\/p>\n<\/header>\n<div class=\"cnt-data-art\">\n<div class=\"c-i\">\n<div class=\"lead-art\">\n<div id=\"player-1664809798_248_cut\" class=\"c-pl-a pl-i \">\n<figure><picture><source srcset=\"https:\/\/www.wradio.com.co\/resizer\/D6XWGLwa6xNYykvR1j_-woXXii8=\/736x552\/filters:format(jpg):quality(70)\/cloudfront-us-east-1.images.arcpublishing.com\/prisaradioco\/DYILKGB2Y5GJXF2KNA7YXQ7UMU.jpg\" media=\"(max-width: 768px)\" \/><source srcset=\"https:\/\/www.wradio.com.co\/resizer\/FRRkMmqb0zrAiCVjxAKcH9xcdUA=\/382x287\/filters:format(jpg):quality(70)\/cloudfront-us-east-1.images.arcpublishing.com\/prisaradioco\/DYILKGB2Y5GJXF2KNA7YXQ7UMU.jpg\" media=\"(max-width: 414px)\" \/><source srcset=\"https:\/\/www.wradio.com.co\/resizer\/QhR-ioihp__vPc4r_KfwWdrxZMc=\/343x257\/filters:format(jpg):quality(70)\/cloudfront-us-east-1.images.arcpublishing.com\/prisaradioco\/DYILKGB2Y5GJXF2KNA7YXQ7UMU.jpg\" media=\"(max-width: 375px)\" \/><source srcset=\"https:\/\/www.wradio.com.co\/resizer\/SIp53yHbHg0A9fws2GxkEEWAOSk=\/288x216\/filters:format(jpg):quality(70)\/cloudfront-us-east-1.images.arcpublishing.com\/prisaradioco\/DYILKGB2Y5GJXF2KNA7YXQ7UMU.jpg\" media=\"(max-width: 320px)\" \/><\/picture><\/figure>\n<\/div>\n<\/div>\n<\/div>\n<\/div>\n","protected":false},"excerpt":{"rendered":"<p>Paula Cort\u00e9s, presidenta de ANATO, la Asociaci\u00f3n Colombiana de Agencias de Viajes y Turismo, revel\u00f3&#8230;<\/p>\n","protected":false},"author":1,"featured_media":10353,"comment_status":"open","ping_status":"closed","sticky":false,"template":"","format":"standard","meta":{"footnotes":""},"categories":[7,9],"tags":[],"class_list":["post-10351","post","type-post","status-publish","format-standard","has-post-thumbnail","hentry","category-nacional","category-politica"],"_links":{"self":[{"href":"https:\/\/sacramentoqr.com\/index.php?rest_route=\/wp\/v2\/posts\/10351","targetHints":{"allow":["GET"]}}],"collection":[{"href":"https:\/\/sacramentoqr.com\/index.php?rest_route=\/wp\/v2\/posts"}],"about":[{"href":"https:\/\/sacramentoqr.com\/index.php?rest_route=\/wp\/v2\/types\/post"}],"author":[{"embeddable":true,"href":"https:\/\/sacramentoqr.com\/index.php?rest_route=\/wp\/v2\/users\/1"}],"replies":[{"embeddable":true,"href":"https:\/\/sacramentoqr.com\/index.php?rest_route=%2Fwp%2Fv2%2Fcomments&post=10351"}],"version-history":[{"count":1,"href":"https:\/\/sacramentoqr.com\/index.php?rest_route=\/wp\/v2\/posts\/10351\/revisions"}],"predecessor-version":[{"id":10352,"href":"https:\/\/sacramentoqr.com\/index.php?rest_route=\/wp\/v2\/posts\/10351\/revisions\/10352"}],"wp:featuredmedia":[{"embeddable":true,"href":"https:\/\/sacramentoqr.com\/index.php?rest_route=\/wp\/v2\/media\/10353"}],"wp:attachment":[{"href":"https:\/\/sacramentoqr.com\/index.php?rest_route=%2Fwp%2Fv2%2Fmedia&parent=10351"}],"wp:term":[{"taxonomy":"category","embeddable":true,"href":"https:\/\/sacramentoqr.com\/index.php?rest_route=%2Fwp%2Fv2%2Fcategories&post=10351"},{"taxonomy":"post_tag","embeddable":true,"href":"https:\/\/sacramentoqr.com\/index.php?rest_route=%2Fwp%2Fv2%2Ftags&post=10351"}],"curies":[{"name":"wp","href":"https:\/\/api.w.org\/{rel}","templated":true}]}}