{"id":10363,"date":"2022-10-02T16:04:24","date_gmt":"2022-10-02T21:04:24","guid":{"rendered":"https:\/\/sacramentoqr.com\/?p=10363"},"modified":"2022-10-03T21:05:45","modified_gmt":"2022-10-03T21:05:45","slug":"quintana-roo-mara-lezama-se-compromete-a-trabajar-con-la-cruz-roja-mexicana","status":"publish","type":"post","link":"https:\/\/sacramentoqr.com\/?p=10363","title":{"rendered":"Quintana Roo: Mara Lezama se compromete a trabajar con la Cruz Roja Mexicana"},"content":{"rendered":"<header class=\"main-article--header\">\n<h4 class=\"bajada\" style=\"text-align: center;\">La gobernadora de Quintana Roo, Mara Lezama, acudi\u00f3 a la Cena de Gala 2022 de la Cruz Roja Mexicana.<\/h4>\n<\/header>\n<div class=\"margen-top1\">\n<p><strong>Mara Lezama<\/strong>,<strong>\u00a0<\/strong>gobernadora de\u00a0<strong>Quintana Roo<\/strong>, anunci\u00f3 que en su administraci\u00f3n trabajar\u00e1n de la mano con la\u00a0<strong>Cruz Roja<\/strong>, con la finalidad de combatir la desigualdad y conseguir la justicia social, esto al acudir a la\u00a0<strong>Cena de Gala 2022<\/strong>, que se realiz\u00f3 en el municipio de Playa del Carmen.<\/p>\n<p>La mandataria de Quintana Roo\u00a0<strong>reconoci\u00f3 el trabajo de cada uno de los integrantes de la Cruz Roja<\/strong>, que cuidan de casi dos millones de personas que habitan en Quintana Roo, as\u00ed como de los turistas que visitan la entidad cada a\u00f1o. Manifest\u00f3 una gratitud por el trabajo de la instituci\u00f3n y reconoci\u00f3 sus ideales.<\/p>\n<p>\u00ab<strong>Siento una enorme gratitud y admiraci\u00f3n por sus ideales.<\/strong>\u00a0Por cada uno de los ciudadanos que colaboran con esta instituci\u00f3n, porque quiz\u00e1 sea la instituci\u00f3n m\u00e1s comprometida con las causas sociales\u201d, dijo la gobernadora de Quintana Roo.<\/p>\n<div class=\"content-banner\">\n<p>Esta cena se realiz\u00f3 con el objetivo de recaudar fondos, los cuales se suman al apoyo que la sociedad civil brinda con sus donativos a\u00f1o con a\u00f1o. Mara Lezama estuvo acompa\u00f1ada por su esposo,\u00a0<strong>Omar Terrazas Garc\u00eda.<\/strong><\/p>\n<div class=\"content-banner\">\n<p>Durante el evento tambi\u00e9n estuvieron presentes:\u00a0<strong>el presidente de la delegaci\u00f3n Quintana Roo de la Cruz Roja Mexicana, Carlos Constandse Madrazo<\/strong>; las presidentas municipales de Isla Mujeres, Atenea G\u00f3mez Ricalde; de Cozumel, Juanita Alonso, as\u00ed como la secretaria de Gobierno, Cristina Torres G\u00f3mez, damas voluntarias y empresarios de Canc\u00fan y Riviera Maya.<\/p>\n<div class=\"content-banner\"><\/div>\n<\/div>\n<\/div>\n<\/div>\n<div class=\"main-article--body\"><\/div>\n","protected":false},"excerpt":{"rendered":"<p>La gobernadora de Quintana Roo, Mara Lezama, acudi\u00f3 a la Cena de Gala 2022 de&#8230;<\/p>\n","protected":false},"author":1,"featured_media":10365,"comment_status":"open","ping_status":"closed","sticky":false,"template":"","format":"standard","meta":{"footnotes":""},"categories":[6,10],"tags":[],"class_list":["post-10363","post","type-post","status-publish","format-standard","has-post-thumbnail","hentry","category-local","category-quintana-roo"],"_links":{"self":[{"href":"https:\/\/sacramentoqr.com\/index.php?rest_route=\/wp\/v2\/posts\/10363","targetHints":{"allow":["GET"]}}],"collection":[{"href":"https:\/\/sacramentoqr.com\/index.php?rest_route=\/wp\/v2\/posts"}],"about":[{"href":"https:\/\/sacramentoqr.com\/index.php?rest_route=\/wp\/v2\/types\/post"}],"author":[{"embeddable":true,"href":"https:\/\/sacramentoqr.com\/index.php?rest_route=\/wp\/v2\/users\/1"}],"replies":[{"embeddable":true,"href":"https:\/\/sacramentoqr.com\/index.php?rest_route=%2Fwp%2Fv2%2Fcomments&post=10363"}],"version-history":[{"count":1,"href":"https:\/\/sacramentoqr.com\/index.php?rest_route=\/wp\/v2\/posts\/10363\/revisions"}],"predecessor-version":[{"id":10364,"href":"https:\/\/sacramentoqr.com\/index.php?rest_route=\/wp\/v2\/posts\/10363\/revisions\/10364"}],"wp:featuredmedia":[{"embeddable":true,"href":"https:\/\/sacramentoqr.com\/index.php?rest_route=\/wp\/v2\/media\/10365"}],"wp:attachment":[{"href":"https:\/\/sacramentoqr.com\/index.php?rest_route=%2Fwp%2Fv2%2Fmedia&parent=10363"}],"wp:term":[{"taxonomy":"category","embeddable":true,"href":"https:\/\/sacramentoqr.com\/index.php?rest_route=%2Fwp%2Fv2%2Fcategories&post=10363"},{"taxonomy":"post_tag","embeddable":true,"href":"https:\/\/sacramentoqr.com\/index.php?rest_route=%2Fwp%2Fv2%2Ftags&post=10363"}],"curies":[{"name":"wp","href":"https:\/\/api.w.org\/{rel}","templated":true}]}}