{"id":10570,"date":"2022-10-13T20:22:58","date_gmt":"2022-10-14T01:22:58","guid":{"rendered":"https:\/\/sacramentoqr.com\/?p=10570"},"modified":"2022-10-14T01:22:59","modified_gmt":"2022-10-14T01:22:59","slug":"asi-fue-como-claudia-sheinbaum-gano-el-premio-nobel-de-la-paz-hace-15-anos","status":"publish","type":"post","link":"https:\/\/sacramentoqr.com\/?p=10570","title":{"rendered":"As\u00ed fue como Claudia Sheinbaum gan\u00f3 el Premio Nobel de la Paz hace 15 a\u00f1os"},"content":{"rendered":"<header class=\"main-article--header\">\n<h4 class=\"bajada\" style=\"text-align: center;\">Claudia Shienbaum comparti\u00f3 un mensaje en el que explica c\u00f3mo fue que se hizo merecedora del Premio Nobel de la Paz en 2007<\/h4>\n<\/header>\n<div class=\"main-article--autor\">\n<p>Pocos saben que la\u00a0<strong>jefa de Gobierno de la Ciudad de M\u00e9xico<\/strong>\u00a0obtuvo el\u00a0<strong>Premio Nobel de la Paz hace 15 a\u00f1os<\/strong>, un distinguido reconocimiento que le fue otorgado a\u00a0<strong>Claudia Shienbaum<\/strong>\u00a0al formar parte del Panel Intergubernamental de Cambio Clim\u00e1tico<strong>\u00a0<\/strong>(<strong>IPCC<\/strong>, por sus siglas en ingl\u00e9s)\u00a0<strong>en 2007<\/strong>, el cual est\u00e1 conformado por expertos acad\u00e9micos que convoca la\u00a0<strong>Convenci\u00f3n Marco de Cambio Clim\u00e1tico de Naciones Unidas<\/strong>\u00a0para producir reportes cada tres a\u00f1os.<\/p>\n<p>Para compartir su experiencia, la\u00a0<strong>Dra. Sheinbaum Pardo<\/strong>\u00a0record\u00f3 en una entrevista, recientemente compartida por ella misma, que este reconocimiento le fue entregado al grupo cient\u00edfico en el que ella tambi\u00e9n trabajaba. En este escenario, el\u00a0<strong>jurado del Premio Nobel de la Paz<\/strong>\u00a0ha considerado que en la\u00a0<strong>construcci\u00f3n de la paz y la eliminaci\u00f3n de la violencia<\/strong>, es fundamental la disminuci\u00f3n de las emisiones de gas invernadero y el\u00a0<strong>alto al cambio clim\u00e1tico<\/strong>.<\/p>\n<p>Para conmemorar este\u00a0<strong>logro en pro del medio ambiente<\/strong>,\u00a0<strong>Claudia Sheinbaum<\/strong>\u00a0public\u00f3 en su cuenta de Twitter unas palabras, las cuales fueron acompa\u00f1as por un video donde explica las razones por las cuales ella tiene un Nobel de la Paz. \u201c<strong>Hace 15 a\u00f1os\u00a0<\/strong>form\u00e9 parte del\u00a0<strong>Panel Intergubernamental de Cambio Clim\u00e1tico<\/strong>\u00a0que en 2007 obtuvo el\u00a0<strong>Premio Nobel de la Paz<\/strong>. La disminuci\u00f3n de las emisiones de efecto invernadero es parte fundamental para construir la paz\u201d, mencion\u00f3 la mandataria.<\/p>\n<div class=\"widget-twitter\">\n<div class=\"widget widget-twitter\">\n<h2>\u00bfQu\u00e9 hizo Claudia Sheinbaum para obtener un Nobel de la Paz?<\/h2>\n<p>La\u00a0<strong>jefa de Gobierno de la Ciudad de M\u00e9xico<\/strong>, es una mujer que se ha distinguido por ser una persona preparada, acad\u00e9micamente hablando. En diversas entrevistas ha expresado que incluso, desde muy ni\u00f1a una de sus primeras pasiones fue la ciencia, raz\u00f3n por la que estudi\u00f3 F\u00edsica e Ingenier\u00eda Energ\u00e9tica en la\u00a0<strong>Universidad Nacional Aut\u00f3noma de M\u00e9xico<\/strong>\u00a0(UNAM).<\/p>\n<p>Su experiencia adquirida en sus investigaciones tanto en la licenciatura, maestr\u00eda y doctorado, la llevaron a formar parte del\u00a0<strong>Panel Intergubernamental de Cambio Clim\u00e1tico en 2007<\/strong>, instituci\u00f3n que fue galardonada con el\u00a0<strong>Premio Nobel de la Paz<\/strong>.<\/p>\n<p>En dicho equipo,\u00a0<strong>Claudia Sheinbaum\u00a0contribuy\u00f3 con investigaciones<\/strong>, adem\u00e1s de que fue\u00a0<strong>autora colaboradora del Cap\u00edtulo 7<\/strong>\u00a0(industria) de la contribuci\u00f3n del Grupo de Trabajo III al Cuarto Informe de Evaluaci\u00f3n en 2007. Es importante se\u00f1alar que el IPCC re\u00fane a los mejores cient\u00edficos del mundo, los cuales colaboran gratuitamente haciendo evaluaciones e informes detallados enfocados a los riesgos del cambio clim\u00e1tico provocado por actividades humanas.<\/p>\n<\/div>\n<\/div>\n<\/div>\n","protected":false},"excerpt":{"rendered":"<p>Claudia Shienbaum comparti\u00f3 un mensaje en el que explica c\u00f3mo fue que se hizo merecedora&#8230;<\/p>\n","protected":false},"author":1,"featured_media":10572,"comment_status":"open","ping_status":"closed","sticky":false,"template":"","format":"standard","meta":{"footnotes":""},"categories":[2,7,9],"tags":[],"class_list":["post-10570","post","type-post","status-publish","format-standard","has-post-thumbnail","hentry","category-cultural","category-nacional","category-politica"],"_links":{"self":[{"href":"https:\/\/sacramentoqr.com\/index.php?rest_route=\/wp\/v2\/posts\/10570","targetHints":{"allow":["GET"]}}],"collection":[{"href":"https:\/\/sacramentoqr.com\/index.php?rest_route=\/wp\/v2\/posts"}],"about":[{"href":"https:\/\/sacramentoqr.com\/index.php?rest_route=\/wp\/v2\/types\/post"}],"author":[{"embeddable":true,"href":"https:\/\/sacramentoqr.com\/index.php?rest_route=\/wp\/v2\/users\/1"}],"replies":[{"embeddable":true,"href":"https:\/\/sacramentoqr.com\/index.php?rest_route=%2Fwp%2Fv2%2Fcomments&post=10570"}],"version-history":[{"count":1,"href":"https:\/\/sacramentoqr.com\/index.php?rest_route=\/wp\/v2\/posts\/10570\/revisions"}],"predecessor-version":[{"id":10571,"href":"https:\/\/sacramentoqr.com\/index.php?rest_route=\/wp\/v2\/posts\/10570\/revisions\/10571"}],"wp:featuredmedia":[{"embeddable":true,"href":"https:\/\/sacramentoqr.com\/index.php?rest_route=\/wp\/v2\/media\/10572"}],"wp:attachment":[{"href":"https:\/\/sacramentoqr.com\/index.php?rest_route=%2Fwp%2Fv2%2Fmedia&parent=10570"}],"wp:term":[{"taxonomy":"category","embeddable":true,"href":"https:\/\/sacramentoqr.com\/index.php?rest_route=%2Fwp%2Fv2%2Fcategories&post=10570"},{"taxonomy":"post_tag","embeddable":true,"href":"https:\/\/sacramentoqr.com\/index.php?rest_route=%2Fwp%2Fv2%2Ftags&post=10570"}],"curies":[{"name":"wp","href":"https:\/\/api.w.org\/{rel}","templated":true}]}}