{"id":10663,"date":"2022-10-18T17:02:07","date_gmt":"2022-10-18T22:02:07","guid":{"rendered":"https:\/\/sacramentoqr.com\/?p=10663"},"modified":"2022-10-18T22:02:09","modified_gmt":"2022-10-18T22:02:09","slug":"claudia-sheinbaum-mas-de-31-mil-disfrutaron-la-copa-del-mundo-de-futbol-en-iztapalapa","status":"publish","type":"post","link":"https:\/\/sacramentoqr.com\/?p=10663","title":{"rendered":"Claudia Sheinbaum: M\u00e1s de 31 mil disfrutaron la Copa del Mundo de F\u00fatbol en Iztapalapa"},"content":{"rendered":"<header class=\"main-article--header\">\n<h4 class=\"bajada\" style=\"text-align: center;\">La jefa de Gobierno, Claudia Sheinbaum, destac\u00f3 en sus redes sociales lo que se ha vivido en Iztapalapa con la visita de la Copa del Mundo<\/h4>\n<\/header>\n<div class=\"main-article--autor\">\n<p>La fiebre por el mundial de f\u00fatbol ya se acerca a diferentes partes del mundo y la\u00a0<strong>Ciudad de M\u00e9xico<\/strong>\u00a0no es la excepci\u00f3n, ya que es una de las sedes del Tour del Trofeo Original de la\u00a0<strong>Copa Mundial de la FIFA 2022<\/strong>. As\u00ed lo destac\u00f3 la jefa de Gobierno,\u00a0<strong>Claudia Sheinbaum<\/strong>, quien inform\u00f3 que en\u00a0<strong>tan s\u00f3lo en dos d\u00edas<\/strong>\u00a0han\u00a0<strong>asistido m\u00e1s de 31 mil personas<\/strong>\u00a0a conocer la copa mundial.<\/p>\n<p>Durante la inauguraci\u00f3n del Tour en Utop\u00eda Meyehualco, en la alcald\u00eda Iztapalapa,\u00a0<strong>Sheinbaum Pardo celebr\u00f3<\/strong>\u00a0que la\u00a0<strong>Copa Mundial de la FIFA<\/strong>\u00a0est\u00e9 al\u00a0<strong>alcance de todos los capitalinos<\/strong>, y en especial de\u00a0<strong>las ni\u00f1as y los ni\u00f1os<\/strong>. Acompa\u00f1ada de Clara Brugada, alcaldesa de la demarcaci\u00f3n; Javier Hidalgo, titular del Instituto del Deporte (Indeporte) de la CDMX y otros funcionarios, la mandataria se mostr\u00f3 contenta de que\u00a0<strong>el trofeo<\/strong>\u00a0que elevan grandes campeones del deporte\u00a0<strong>se encuentre en la CDMX<\/strong>.<\/p>\n<p>La\u00a0<strong>exhibici\u00f3n del trofeo<\/strong>\u00a0estuvo\u00a0<strong>abierta al p\u00fablico los d\u00edas 16 y 17 de octubre<\/strong>, durante esos d\u00edas las personas pod\u00edan conocer el trofeo as\u00ed como disfrutar de las actividades que se organizaron por el gobierno de la CDMX y las autoridades de Iztapalapa. Hay que recordar que la jefa de Gobierno de la Ciudad de M\u00e9xico se\u00f1al\u00f3 en d\u00edas anteriores que\u00a0<strong>la FIFA \u00abya no es fif\u00ed\u00bb<\/strong>, pues asegur\u00f3 que\u00a0<strong>ahora es para todo el pueblo<\/strong>.<\/p>\n<div class=\"content-banner\">\n<h2>Copa Mundial de la FIFA 2022 en CDMX<\/h2>\n<p>A trav\u00e9s de su cuenta de Twitter,\u00a0<strong>Claudia Sheinbaum<\/strong>\u00a0comparti\u00f3 el mensaje donde detallaba cu\u00e1ntos visitantes se dieron cita para apreciar el trofeo: \u00abAs\u00ed\u00a0<strong>disfrutaron 31,395 personas<\/strong>\u00a0la gira de la\u00a0<strong>Copa del Mundo de la FIFA<\/strong>, en la Utop\u00eda Meyehualco, en Iztapalapa. La cultura y el deporte son un derecho\u00bb.<\/p>\n<p>El trofeo continuar\u00e1\u00a0<strong>su gira en la ciudad de Guadalajara y Monterrey<\/strong>\u00a0a pocos d\u00edas que se celebre la Copa Mundial Qatar 2022. En la CDMX se tienen planeado un Fan Fest en Revoluci\u00f3n donde todos los capitalinos podr\u00e1n ver todos los partidos del mundial, incluyendo los de la selecci\u00f3n mexicana.<\/p>\n<\/div>\n<\/div>\n","protected":false},"excerpt":{"rendered":"<p>La jefa de Gobierno, Claudia Sheinbaum, destac\u00f3 en sus redes sociales lo que se ha&#8230;<\/p>\n","protected":false},"author":1,"featured_media":10665,"comment_status":"open","ping_status":"closed","sticky":false,"template":"","format":"standard","meta":{"footnotes":""},"categories":[3,4,7],"tags":[],"class_list":["post-10663","post","type-post","status-publish","format-standard","has-post-thumbnail","hentry","category-deportes","category-espectaculos","category-nacional"],"_links":{"self":[{"href":"https:\/\/sacramentoqr.com\/index.php?rest_route=\/wp\/v2\/posts\/10663","targetHints":{"allow":["GET"]}}],"collection":[{"href":"https:\/\/sacramentoqr.com\/index.php?rest_route=\/wp\/v2\/posts"}],"about":[{"href":"https:\/\/sacramentoqr.com\/index.php?rest_route=\/wp\/v2\/types\/post"}],"author":[{"embeddable":true,"href":"https:\/\/sacramentoqr.com\/index.php?rest_route=\/wp\/v2\/users\/1"}],"replies":[{"embeddable":true,"href":"https:\/\/sacramentoqr.com\/index.php?rest_route=%2Fwp%2Fv2%2Fcomments&post=10663"}],"version-history":[{"count":1,"href":"https:\/\/sacramentoqr.com\/index.php?rest_route=\/wp\/v2\/posts\/10663\/revisions"}],"predecessor-version":[{"id":10664,"href":"https:\/\/sacramentoqr.com\/index.php?rest_route=\/wp\/v2\/posts\/10663\/revisions\/10664"}],"wp:featuredmedia":[{"embeddable":true,"href":"https:\/\/sacramentoqr.com\/index.php?rest_route=\/wp\/v2\/media\/10665"}],"wp:attachment":[{"href":"https:\/\/sacramentoqr.com\/index.php?rest_route=%2Fwp%2Fv2%2Fmedia&parent=10663"}],"wp:term":[{"taxonomy":"category","embeddable":true,"href":"https:\/\/sacramentoqr.com\/index.php?rest_route=%2Fwp%2Fv2%2Fcategories&post=10663"},{"taxonomy":"post_tag","embeddable":true,"href":"https:\/\/sacramentoqr.com\/index.php?rest_route=%2Fwp%2Fv2%2Ftags&post=10663"}],"curies":[{"name":"wp","href":"https:\/\/api.w.org\/{rel}","templated":true}]}}