{"id":10666,"date":"2022-10-19T15:52:01","date_gmt":"2022-10-19T20:52:01","guid":{"rendered":"https:\/\/sacramentoqr.com\/?p=10666"},"modified":"2022-10-19T20:52:13","modified_gmt":"2022-10-19T20:52:13","slug":"tras-llamada-telefonica-con-biden-lopez-obrador-confirma-cumbre-con-ee-uu-y-canada-para-diciembre-en-mexico","status":"publish","type":"post","link":"https:\/\/sacramentoqr.com\/?p=10666","title":{"rendered":"Tras llamada telef\u00f3nica con Biden, L\u00f3pez Obrador confirma cumbre con EE.UU. y Canad\u00e1 para diciembre en M\u00e9xico"},"content":{"rendered":"<p>M\u00e9xico organizar\u00e1 una\u00a0reuni\u00f3n trilateral\u00a0con el presidente de Estados Unidos, Joe Biden, y el primer ministro de Canad\u00e1, Justin Trudeau en diciembre, dijo el martes el presidente mexicano, Andr\u00e9s Manuel L\u00f3pez Obrador.<span id=\"more-1283896\"><\/span><\/p>\n<p>El mandatario mexicano, tambi\u00e9n conocido como AMLO, hizo el anuncio en\u00a0Twitter\u00a0luego de una llamada telef\u00f3nica con su hom\u00f3logo estadounidense.<\/p>\n<p>En su publicaci\u00f3n de Twitter, AMLO describi\u00f3 su conversaci\u00f3n con Biden como \u00abcordial\u00bb y que los dos discutieron temas que van desde la migraci\u00f3n hasta la seguridad y la cooperaci\u00f3n para el desarrollo.<\/p>\n<p>M\u00e1s temprano el martes, AMLO se hab\u00eda referido a la reuni\u00f3n trilateral de diciembre en su conferencia de prensa diaria, diciendo que esperaba confirmar la cumbre en su conversaci\u00f3n posterior con Biden.<\/p>\n<p>M\u00e9xico no confirm\u00f3 d\u00f3nde se llevar\u00e1 a cabo la reuni\u00f3n, ni en qu\u00e9 fechas del mes de diciembre.<\/p>\n<div class=\"outstream\">\n<div id=\"ad_out_vid_01\" class=\"ad\"><\/div>\n<\/div>\n","protected":false},"excerpt":{"rendered":"<p>M\u00e9xico organizar\u00e1 una\u00a0reuni\u00f3n trilateral\u00a0con el presidente de Estados Unidos, Joe Biden, y el primer ministro&#8230;<\/p>\n","protected":false},"author":1,"featured_media":10668,"comment_status":"open","ping_status":"closed","sticky":false,"template":"","format":"standard","meta":{"footnotes":""},"categories":[5,7,9],"tags":[],"class_list":["post-10666","post","type-post","status-publish","format-standard","has-post-thumbnail","hentry","category-internacional","category-nacional","category-politica"],"_links":{"self":[{"href":"https:\/\/sacramentoqr.com\/index.php?rest_route=\/wp\/v2\/posts\/10666","targetHints":{"allow":["GET"]}}],"collection":[{"href":"https:\/\/sacramentoqr.com\/index.php?rest_route=\/wp\/v2\/posts"}],"about":[{"href":"https:\/\/sacramentoqr.com\/index.php?rest_route=\/wp\/v2\/types\/post"}],"author":[{"embeddable":true,"href":"https:\/\/sacramentoqr.com\/index.php?rest_route=\/wp\/v2\/users\/1"}],"replies":[{"embeddable":true,"href":"https:\/\/sacramentoqr.com\/index.php?rest_route=%2Fwp%2Fv2%2Fcomments&post=10666"}],"version-history":[{"count":1,"href":"https:\/\/sacramentoqr.com\/index.php?rest_route=\/wp\/v2\/posts\/10666\/revisions"}],"predecessor-version":[{"id":10667,"href":"https:\/\/sacramentoqr.com\/index.php?rest_route=\/wp\/v2\/posts\/10666\/revisions\/10667"}],"wp:featuredmedia":[{"embeddable":true,"href":"https:\/\/sacramentoqr.com\/index.php?rest_route=\/wp\/v2\/media\/10668"}],"wp:attachment":[{"href":"https:\/\/sacramentoqr.com\/index.php?rest_route=%2Fwp%2Fv2%2Fmedia&parent=10666"}],"wp:term":[{"taxonomy":"category","embeddable":true,"href":"https:\/\/sacramentoqr.com\/index.php?rest_route=%2Fwp%2Fv2%2Fcategories&post=10666"},{"taxonomy":"post_tag","embeddable":true,"href":"https:\/\/sacramentoqr.com\/index.php?rest_route=%2Fwp%2Fv2%2Ftags&post=10666"}],"curies":[{"name":"wp","href":"https:\/\/api.w.org\/{rel}","templated":true}]}}