{"id":10699,"date":"2022-10-20T16:02:09","date_gmt":"2022-10-20T21:02:09","guid":{"rendered":"https:\/\/sacramentoqr.com\/?p=10699"},"modified":"2022-10-20T21:02:11","modified_gmt":"2022-10-20T21:02:11","slug":"ultiman-detalles-para-la-realizacion-del-gfny-cozumel-2022","status":"publish","type":"post","link":"https:\/\/sacramentoqr.com\/?p=10699","title":{"rendered":"Ultiman detalles para la realizaci\u00f3n del GFNY Cozumel 2022"},"content":{"rendered":"<p class=\"ql-align-justify\">Se ultiman los detalles para la realizaci\u00f3n de la edici\u00f3n 2022 del Gran Fondo Nueva York (GFNY) Cozumel, que se realizar\u00e1 en la \u201cIsla de las golondrinas\u201d el pr\u00f3ximo s\u00e1bado 12 y domingo 13 de noviembre, con la participaci\u00f3n de m\u00e1s de 2 mil 800 pedalistas de alrededor de 50 pa\u00edses.<\/p>\n<p class=\"ql-align-justify\">Con el fin de afinar los detalles con respecto a la log\u00edstica y organizaci\u00f3n de la gran justa cicl\u00edstica, este mi\u00e9rcoles se llev\u00f3 a cabo una reuni\u00f3n operativa en la que participaron el director general del evento, Shaun Gad, el representante del mismo en la isla, Miguel Gonz\u00e1lez Castel\u00e1n, los titulares de las Direcciones de Turismo y Desarrollo Econ\u00f3mico, Badih Sleme Flores; de Deportes y Atenci\u00f3n a la Juventud, Rosa Elena Zapata V\u00e1zquez; as\u00ed como personal de Servicios P\u00fablicos y Protecci\u00f3n Civil.<\/p>\n<p class=\"ql-align-justify\">En el marco de la reuni\u00f3n se dio a conocer que ya est\u00e1 asegurada la participaci\u00f3n de m\u00e1s de 2 mil 800 pedalistas, cifra que podr\u00eda incrementarse a tres mil para los d\u00edas del evento el 12 y 13 de noviembre.<\/p>\n<p class=\"ql-align-justify\">Se especific\u00f3 que el s\u00e1bado 12 de noviembre se realizar\u00e1 la competencia infantil, conocida como el GFNY Kids, en tanto que para el 13 de noviembre est\u00e1 programada la justa cicl\u00edstica que se realiza en 80 y 160 kil\u00f3metros para los pedalistas que ir\u00e1n en pos de los m\u00e1ximos honores en cada una de estas distancias.<\/p>\n<p class=\"ql-align-justify\">Se indic\u00f3 que, como cada a\u00f1o, se contar\u00e1 con la presencia del \u00edcono del ciclismo mexicano, el regiomontano Ra\u00fal \u201cEl Duende\u201d Alcal\u00e1, quien puso muy en alto el nombre de nuestro pa\u00eds en las competencias de mayor prestigio de esta disciplina a nivel mundial, como el \u201cTour de Francia\u201d.<\/p>\n<p class=\"ql-align-justify\">Se mencion\u00f3 que se contempla la participaci\u00f3n de pedalistas que vienen destacando en diversas competencias importantes, entre los que sobresalen varios de nacionalidad colombiana.<\/p>\n","protected":false},"excerpt":{"rendered":"<p>Se ultiman los detalles para la realizaci\u00f3n de la edici\u00f3n 2022 del Gran Fondo Nueva&#8230;<\/p>\n","protected":false},"author":1,"featured_media":10701,"comment_status":"open","ping_status":"closed","sticky":false,"template":"","format":"standard","meta":{"footnotes":""},"categories":[6,10],"tags":[],"class_list":["post-10699","post","type-post","status-publish","format-standard","has-post-thumbnail","hentry","category-local","category-quintana-roo"],"_links":{"self":[{"href":"https:\/\/sacramentoqr.com\/index.php?rest_route=\/wp\/v2\/posts\/10699","targetHints":{"allow":["GET"]}}],"collection":[{"href":"https:\/\/sacramentoqr.com\/index.php?rest_route=\/wp\/v2\/posts"}],"about":[{"href":"https:\/\/sacramentoqr.com\/index.php?rest_route=\/wp\/v2\/types\/post"}],"author":[{"embeddable":true,"href":"https:\/\/sacramentoqr.com\/index.php?rest_route=\/wp\/v2\/users\/1"}],"replies":[{"embeddable":true,"href":"https:\/\/sacramentoqr.com\/index.php?rest_route=%2Fwp%2Fv2%2Fcomments&post=10699"}],"version-history":[{"count":1,"href":"https:\/\/sacramentoqr.com\/index.php?rest_route=\/wp\/v2\/posts\/10699\/revisions"}],"predecessor-version":[{"id":10700,"href":"https:\/\/sacramentoqr.com\/index.php?rest_route=\/wp\/v2\/posts\/10699\/revisions\/10700"}],"wp:featuredmedia":[{"embeddable":true,"href":"https:\/\/sacramentoqr.com\/index.php?rest_route=\/wp\/v2\/media\/10701"}],"wp:attachment":[{"href":"https:\/\/sacramentoqr.com\/index.php?rest_route=%2Fwp%2Fv2%2Fmedia&parent=10699"}],"wp:term":[{"taxonomy":"category","embeddable":true,"href":"https:\/\/sacramentoqr.com\/index.php?rest_route=%2Fwp%2Fv2%2Fcategories&post=10699"},{"taxonomy":"post_tag","embeddable":true,"href":"https:\/\/sacramentoqr.com\/index.php?rest_route=%2Fwp%2Fv2%2Ftags&post=10699"}],"curies":[{"name":"wp","href":"https:\/\/api.w.org\/{rel}","templated":true}]}}