{"id":10714,"date":"2022-10-21T15:48:46","date_gmt":"2022-10-21T20:48:46","guid":{"rendered":"https:\/\/sacramentoqr.com\/?p=10714"},"modified":"2022-10-21T20:48:48","modified_gmt":"2022-10-21T20:48:48","slug":"con-oficiales-de-elite-de-la-marina-refuerzan-la-seguridad-en-cozumel","status":"publish","type":"post","link":"https:\/\/sacramentoqr.com\/?p=10714","title":{"rendered":"Con oficiales de elite de la Marina refuerzan la seguridad en Cozumel"},"content":{"rendered":"<p>Ante el crecimiento de la violencia e inseguridad que se registra en Cozumel desde hace unas semanas, agentes de las Fuerzas Especiales de Infanter\u00eda de Marina llegaron anoche a la isla.<\/p>\n<p>Aunque no se precisa la cantidad, minutos antes de la media noche arribaron a la isla elementos de las fuerzas especiales de Infanter\u00eda de Marina que se encargar\u00e1n de coadyuvar y reforzar las labores de seguridad p\u00fablica en la isla.<\/p>\n<p>En un mensaje de redes sociales acompa\u00f1ado de algunas fotograf\u00edas, el gobierno municipal refiere que durante los siguientes d\u00edas continuar\u00e1 el arribo del personal de la Armada procedentes de Ciudad de M\u00e9xico y que estar\u00e1n asignados a la isla para sumarse a labores de prevenci\u00f3n del delito y combate a la delincuencia.<\/p>\n<p>Se indic\u00f3 que el personal de la SEMAR fue recibido por el director de Seguridad P\u00fablica y Tr\u00e1nsito en el municipio, Capit\u00e1n Rodrigo Rodr\u00edguez Pe\u00f1a y posteriormente fueron trasladados a las instalaciones de la Secretar\u00eda de Marina en Cozumel.<\/p>\n","protected":false},"excerpt":{"rendered":"<p>Ante el crecimiento de la violencia e inseguridad que se registra en Cozumel desde hace&#8230;<\/p>\n","protected":false},"author":1,"featured_media":10716,"comment_status":"open","ping_status":"closed","sticky":false,"template":"","format":"standard","meta":{"footnotes":""},"categories":[6,10],"tags":[],"class_list":["post-10714","post","type-post","status-publish","format-standard","has-post-thumbnail","hentry","category-local","category-quintana-roo"],"_links":{"self":[{"href":"https:\/\/sacramentoqr.com\/index.php?rest_route=\/wp\/v2\/posts\/10714","targetHints":{"allow":["GET"]}}],"collection":[{"href":"https:\/\/sacramentoqr.com\/index.php?rest_route=\/wp\/v2\/posts"}],"about":[{"href":"https:\/\/sacramentoqr.com\/index.php?rest_route=\/wp\/v2\/types\/post"}],"author":[{"embeddable":true,"href":"https:\/\/sacramentoqr.com\/index.php?rest_route=\/wp\/v2\/users\/1"}],"replies":[{"embeddable":true,"href":"https:\/\/sacramentoqr.com\/index.php?rest_route=%2Fwp%2Fv2%2Fcomments&post=10714"}],"version-history":[{"count":1,"href":"https:\/\/sacramentoqr.com\/index.php?rest_route=\/wp\/v2\/posts\/10714\/revisions"}],"predecessor-version":[{"id":10715,"href":"https:\/\/sacramentoqr.com\/index.php?rest_route=\/wp\/v2\/posts\/10714\/revisions\/10715"}],"wp:featuredmedia":[{"embeddable":true,"href":"https:\/\/sacramentoqr.com\/index.php?rest_route=\/wp\/v2\/media\/10716"}],"wp:attachment":[{"href":"https:\/\/sacramentoqr.com\/index.php?rest_route=%2Fwp%2Fv2%2Fmedia&parent=10714"}],"wp:term":[{"taxonomy":"category","embeddable":true,"href":"https:\/\/sacramentoqr.com\/index.php?rest_route=%2Fwp%2Fv2%2Fcategories&post=10714"},{"taxonomy":"post_tag","embeddable":true,"href":"https:\/\/sacramentoqr.com\/index.php?rest_route=%2Fwp%2Fv2%2Ftags&post=10714"}],"curies":[{"name":"wp","href":"https:\/\/api.w.org\/{rel}","templated":true}]}}