{"id":10771,"date":"2022-10-24T17:34:49","date_gmt":"2022-10-24T22:34:49","guid":{"rendered":"https:\/\/sacramentoqr.com\/?p=10771"},"modified":"2022-10-24T22:34:51","modified_gmt":"2022-10-24T22:34:51","slug":"fomentan-en-jovenes-la-cultura-de-la-lectura","status":"publish","type":"post","link":"https:\/\/sacramentoqr.com\/?p=10771","title":{"rendered":"Fomentan en j\u00f3venes la cultura de la lectura"},"content":{"rendered":"<p class=\"ql-align-justify\">\u00a0Con el prop\u00f3sito de fomentar la cultura de la lectura en la comunidad juvenil, el Gobierno Municipal a trav\u00e9s de la subdirecci\u00f3n de Educaci\u00f3n, llev\u00f3 a cabo la celebraci\u00f3n por el \u201cD\u00eda Internacional de la Bibliotecas\u201d en el Centro de bachillerato tecnol\u00f3gico industrial y de servicios (CBTIS No. 28) \u201cJos\u00e9 Vasconcelos\u201d, donde se regalaron libros a los estudiantes de ese plantel educativo que participaron en el C\u00edrculo de lectura.<\/p>\n<p class=\"ql-align-justify\">En el marco de este evento que tuvo lugar en el sal\u00f3n de alimentos y bebidas, el subdirector de Educaci\u00f3n, Irwin Javier Bat\u00fan Alpuche, destac\u00f3 que para el gobierno que encabeza Juanita Alonso Marrufo, es prioridad impulsar la lectura y educaci\u00f3n en la comunidad, comenzando desde las bases que son los j\u00f3venes, ya que, al existir mayor nivel educativo y costumbres m\u00e1s sanas, disminuyen muchos problemas socio econ\u00f3micos, y se genera una comunidad m\u00e1s armoniosa.<\/p>\n<p class=\"ql-align-justify\">Asimismo, explic\u00f3 que desde el a\u00f1o 1997 cada 24 de octubre se celebra en varios pa\u00edses el D\u00eda internacional de las bibliotecas, una fecha que busca resaltar la importancia que tienen este tipo de edificaciones para la historia humana como resguardo de su cultura, de sus escritos y sus creencias.<\/p>\n<p class=\"ql-align-justify\">Por su parte, la encargada de la biblioteca p\u00fablica municipal Gonzalo de J. Rosado Iturralde, Eva Mar\u00eda Merino S\u00e1nchez, dijo que adem\u00e1s de conmemorar p\u00fablicamente el D\u00eda internacional de las bibliotecas, se contin\u00faa promoviendo el h\u00e1bito de la lectura en j\u00f3venes de Cozumel, mediante la clausura oficial de un C\u00edrculo de lectura que se llev\u00f3 a cabo en el plantel de educaci\u00f3n media superior.<\/p>\n<p class=\"ql-align-justify\">En dicha actividad se cont\u00f3 con la participaci\u00f3n de 52 j\u00f3venes estudiantes de la especialidad de Soporte y mantenimiento de equipos de c\u00f3mputo, durante el cual leyeron una serie de piezas literarias, escucharon en su auditorio un concierto interactivo de la joven cantante Akua Meraki y escribieron sus propias creaciones literarias, entre las que se incluyeron poemas, ensayos y una semblanza sobre s\u00ed mismos.<\/p>\n<p class=\"ql-align-justify\">En esta ceremonia de clausura en la que tambi\u00e9n estuvo presente el director del CBTIS 28, Alejandro Escalante Medina; el director de Desarrollo Social, Mart\u00edn Luna \u00c1lvarez; la subdirectora de Desarrollo social, Br\u00edgida Reyes Salvador y la subdirectora de Cultura, Carmen Moreno Ram\u00edrez, entre otros, se le obsequiaron libros a cada uno de los 52 estudiantes con quienes se llev\u00f3 a cabo el c\u00edrculo de lectura.<\/p>\n","protected":false},"excerpt":{"rendered":"<p>\u00a0Con el prop\u00f3sito de fomentar la cultura de la lectura en la comunidad juvenil, el&#8230;<\/p>\n","protected":false},"author":1,"featured_media":10773,"comment_status":"open","ping_status":"closed","sticky":false,"template":"","format":"standard","meta":{"footnotes":""},"categories":[6,10],"tags":[],"class_list":["post-10771","post","type-post","status-publish","format-standard","has-post-thumbnail","hentry","category-local","category-quintana-roo"],"_links":{"self":[{"href":"https:\/\/sacramentoqr.com\/index.php?rest_route=\/wp\/v2\/posts\/10771","targetHints":{"allow":["GET"]}}],"collection":[{"href":"https:\/\/sacramentoqr.com\/index.php?rest_route=\/wp\/v2\/posts"}],"about":[{"href":"https:\/\/sacramentoqr.com\/index.php?rest_route=\/wp\/v2\/types\/post"}],"author":[{"embeddable":true,"href":"https:\/\/sacramentoqr.com\/index.php?rest_route=\/wp\/v2\/users\/1"}],"replies":[{"embeddable":true,"href":"https:\/\/sacramentoqr.com\/index.php?rest_route=%2Fwp%2Fv2%2Fcomments&post=10771"}],"version-history":[{"count":1,"href":"https:\/\/sacramentoqr.com\/index.php?rest_route=\/wp\/v2\/posts\/10771\/revisions"}],"predecessor-version":[{"id":10772,"href":"https:\/\/sacramentoqr.com\/index.php?rest_route=\/wp\/v2\/posts\/10771\/revisions\/10772"}],"wp:featuredmedia":[{"embeddable":true,"href":"https:\/\/sacramentoqr.com\/index.php?rest_route=\/wp\/v2\/media\/10773"}],"wp:attachment":[{"href":"https:\/\/sacramentoqr.com\/index.php?rest_route=%2Fwp%2Fv2%2Fmedia&parent=10771"}],"wp:term":[{"taxonomy":"category","embeddable":true,"href":"https:\/\/sacramentoqr.com\/index.php?rest_route=%2Fwp%2Fv2%2Fcategories&post=10771"},{"taxonomy":"post_tag","embeddable":true,"href":"https:\/\/sacramentoqr.com\/index.php?rest_route=%2Fwp%2Fv2%2Ftags&post=10771"}],"curies":[{"name":"wp","href":"https:\/\/api.w.org\/{rel}","templated":true}]}}