{"id":10857,"date":"2022-10-29T11:47:04","date_gmt":"2022-10-29T16:47:04","guid":{"rendered":"https:\/\/sacramentoqr.com\/?p=10857"},"modified":"2022-10-30T16:48:13","modified_gmt":"2022-10-30T16:48:13","slug":"desfilan-animas-por-las-calles-de-cozumel-galeria","status":"publish","type":"post","link":"https:\/\/sacramentoqr.com\/?p=10857","title":{"rendered":"Desfilan \u00e1nimas por las calles de Cozumel: Galer\u00eda"},"content":{"rendered":"<div class=\"single-blog-content mt-30\">\n<h4 style=\"text-align: center;\">El recorrido inici\u00f3 en el pante\u00f3n San Miguel hasta el parque Benito Ju\u00e1rez<\/h4>\n<p>Con el desfile de \u00e1nimas, que recorri\u00f3 del pante\u00f3n San Miguel hasta el parque Benito Ju\u00e1rez, comenz\u00f3 la noche del viernes en Cozumel el Segundo Festival de D\u00eda de Muertos, llamado Almas con Tradici\u00f3n 2022, que tendr\u00e1 lugar del 28 de octubre del 2 de noviembre.<\/p>\n<p>Cientos de cozumele\u00f1os y turistas se dieron cita en el parque Benito Ju\u00e1rez luego del esperado desfile. En el escenario instalado al pie del reloj municipal, la presidente municipal de Cozumel, Juanita Alonso, explic\u00f3 que la celebraci\u00f3n del D\u00eda de Muertos es el resultado de la fusi\u00f3n de la cultura europea y las culturas de los pueblos originarios que, durante el M\u00e9xico colonial cobr\u00f3 forma y sentido, donde confluyen elementos religiosos, culturales precolombinos y el folclore de las diversas regiones de nuestro pa\u00eds.<\/p>\n<p>\u201cEn estas fechas la solemnidad de recordar a los seres m\u00e1s queridos que se nos adelantaron se mezcla con la alegr\u00eda y colorido de la singular mexicanidad y tradiciones mayas. Este segundo festival Almas con Tradici\u00f3n lo hemos realizado con mucho cari\u00f1o. Reconozco a las organizaciones locales que este a\u00f1o se han sumado a esta iniciativa, pues de esta forma, unidos, contribuimos al bienestar de nuestro destino\u201d, dijo la alcaldesa.<\/p>\n<p>Como pre\u00e1mbulo a la inauguraci\u00f3n de este evento se llev\u00f3 a cabo el encendido de velas en el pante\u00f3n San Miguel, desde donde parti\u00f3 el desfile de las \u00e1nimas, en el que participaron cientos de isle\u00f1os y visitantes con veladoras en mano, quienes al ritmo de la banda sinf\u00f3nica del municipio y engalanados con las mojigangas mexicanas recorrieron la ruta en la que fueron instalados varios altares de muertos que participaron en el concurso juvenil.<\/p>\n<p>Durante este primer d\u00eda del Festival de D\u00eda de Muertos Almas con Tradici\u00f3n el estado de Oaxaca fue el invitado de honor, el cual se present\u00f3 a trav\u00e9s del grupo danc\u00edstico Los Rubios y los Diablitos, con vistosos cuadros de baile que forman parte del folclor de esa entidad, la cual se realiza previo a su carnaval.<\/p>\n<p>Cabe destacar que a la inauguraci\u00f3n de este evento tambi\u00e9n acompa\u00f1aron a la mun\u00edcipe, la presidente del sistema DIF Cozumel, Susana del Mar Coral Villanueva; el secretario general, Ociel Gonz\u00e1lez Gonz\u00e1lez; regidores e integrantes del gabinete, as\u00ed como tambi\u00e9n la regidora Yessica Rosario Agust\u00edn Vega, de Juxtlahuaca, Oaxaca, quienes disfrutaron del video\u00a0<i>mapping<\/i>\u00a0proyectado en el reloj municipal, as\u00ed como la exhibici\u00f3n del concurso Pinta tu Calavera, la premiaci\u00f3n del concurso de altares juveniles y la presentaci\u00f3n de los grupos danc\u00edsticos prehisp\u00e1nicos y folcl\u00f3ricos locales.<\/p>\n<\/div>\n","protected":false},"excerpt":{"rendered":"<p>El recorrido inici\u00f3 en el pante\u00f3n San Miguel hasta el parque Benito Ju\u00e1rez Con el&#8230;<\/p>\n","protected":false},"author":1,"featured_media":10859,"comment_status":"open","ping_status":"closed","sticky":false,"template":"","format":"standard","meta":{"footnotes":""},"categories":[6,10],"tags":[],"class_list":["post-10857","post","type-post","status-publish","format-standard","has-post-thumbnail","hentry","category-local","category-quintana-roo"],"_links":{"self":[{"href":"https:\/\/sacramentoqr.com\/index.php?rest_route=\/wp\/v2\/posts\/10857","targetHints":{"allow":["GET"]}}],"collection":[{"href":"https:\/\/sacramentoqr.com\/index.php?rest_route=\/wp\/v2\/posts"}],"about":[{"href":"https:\/\/sacramentoqr.com\/index.php?rest_route=\/wp\/v2\/types\/post"}],"author":[{"embeddable":true,"href":"https:\/\/sacramentoqr.com\/index.php?rest_route=\/wp\/v2\/users\/1"}],"replies":[{"embeddable":true,"href":"https:\/\/sacramentoqr.com\/index.php?rest_route=%2Fwp%2Fv2%2Fcomments&post=10857"}],"version-history":[{"count":1,"href":"https:\/\/sacramentoqr.com\/index.php?rest_route=\/wp\/v2\/posts\/10857\/revisions"}],"predecessor-version":[{"id":10858,"href":"https:\/\/sacramentoqr.com\/index.php?rest_route=\/wp\/v2\/posts\/10857\/revisions\/10858"}],"wp:featuredmedia":[{"embeddable":true,"href":"https:\/\/sacramentoqr.com\/index.php?rest_route=\/wp\/v2\/media\/10859"}],"wp:attachment":[{"href":"https:\/\/sacramentoqr.com\/index.php?rest_route=%2Fwp%2Fv2%2Fmedia&parent=10857"}],"wp:term":[{"taxonomy":"category","embeddable":true,"href":"https:\/\/sacramentoqr.com\/index.php?rest_route=%2Fwp%2Fv2%2Fcategories&post=10857"},{"taxonomy":"post_tag","embeddable":true,"href":"https:\/\/sacramentoqr.com\/index.php?rest_route=%2Fwp%2Fv2%2Ftags&post=10857"}],"curies":[{"name":"wp","href":"https:\/\/api.w.org\/{rel}","templated":true}]}}