{"id":11058,"date":"2022-11-09T15:57:31","date_gmt":"2022-11-09T20:57:31","guid":{"rendered":"https:\/\/sacramentoqr.com\/?p=11058"},"modified":"2022-11-09T20:57:32","modified_gmt":"2022-11-09T20:57:32","slug":"inicia-programa-estatal-de-certificacion-para-personas-con-discapacidad-en-cozumel","status":"publish","type":"post","link":"https:\/\/sacramentoqr.com\/?p=11058","title":{"rendered":"Inicia programa estatal de certificaci\u00f3n para personas con discapacidad en Cozumel"},"content":{"rendered":"<p>Debido al inter\u00e9s de la calidad de vida de los habitantes de la isla, en especial de las personas con discapacidad, la presidenta municipal, Juanita Alonso Marrufo acudi\u00f3 a atestiguar las acciones que realizan para la acreditaci\u00f3n de estas personas y con ello acceder a la pensi\u00f3n que otorga la Secretar\u00eda del Bienestar.<\/p>\n<p>&nbsp;<\/p>\n<p>La edil al llegar al sal\u00f3n Municipios de Quintana Roo fue recibida por los asistentes de manera c\u00e1lida, atendi\u00f3 personalmente a quienes estaban esperando turno para la certificaci\u00f3n por parte de los m\u00e9dicos del \u00e1rea de Salud del Sistema para el Desarrollo Integral de Quintana Roo.<\/p>\n<p>Acompa\u00f1ada de la presidenta del Sistema DIF Cozumel, Susana del Mar Coral Villanueva escuch\u00f3 atenta la informaci\u00f3n del Dr. Jediael Matos Villanueva, subdirector general de Salud Estatal y Atenci\u00f3n a Personas con Discapacidad del Sistema DIF Quintana Roo, quien detall\u00f3 las acciones efectuadas y evaluaciones a los solicitantes que tuvieran alguna condici\u00f3n en particular considerada como discapacidad.<\/p>\n<p>&nbsp;<\/p>\n<p>El certificado para personas con discapacidad es el documento que adem\u00e1s de ser una identificaci\u00f3n es uno de los requisitos principales para tener acceso a la pensi\u00f3n para personas con discapacidad que promueve la Secretar\u00eda del Bienestar.<\/p>\n<p>&nbsp;<\/p>\n<p>Para dicha pensi\u00f3n entre otros requisitos como el CURP, Identificaci\u00f3n oficial, datos de los beneficiados y valoraci\u00f3n del m\u00e9dico especialista, est\u00e1 la edad de los mismos es decir que pueden ser acreedores a este beneficio de 0 a 64 a\u00f1os de edad toda vez que a partir de los 65 a\u00f1os cambian al programa de la pensi\u00f3n para el bienestar de los Adultos Mayores.<\/p>\n<p>&nbsp;<\/p>\n<p>La certificaci\u00f3n se estar\u00e1 realizando por espacio de dos d\u00edas, es decir martes 8 y mi\u00e9rcoles 9 de noviembre desde las 8:00 de la ma\u00f1ana a 5:00 de la tarde en el sal\u00f3n Municipios de Quintana Roo del Palacio Municipal.<\/p>\n","protected":false},"excerpt":{"rendered":"<p>Debido al inter\u00e9s de la calidad de vida de los habitantes de la isla, en&#8230;<\/p>\n","protected":false},"author":1,"featured_media":11060,"comment_status":"open","ping_status":"closed","sticky":false,"template":"","format":"standard","meta":{"footnotes":""},"categories":[6,10],"tags":[],"class_list":["post-11058","post","type-post","status-publish","format-standard","has-post-thumbnail","hentry","category-local","category-quintana-roo"],"_links":{"self":[{"href":"https:\/\/sacramentoqr.com\/index.php?rest_route=\/wp\/v2\/posts\/11058","targetHints":{"allow":["GET"]}}],"collection":[{"href":"https:\/\/sacramentoqr.com\/index.php?rest_route=\/wp\/v2\/posts"}],"about":[{"href":"https:\/\/sacramentoqr.com\/index.php?rest_route=\/wp\/v2\/types\/post"}],"author":[{"embeddable":true,"href":"https:\/\/sacramentoqr.com\/index.php?rest_route=\/wp\/v2\/users\/1"}],"replies":[{"embeddable":true,"href":"https:\/\/sacramentoqr.com\/index.php?rest_route=%2Fwp%2Fv2%2Fcomments&post=11058"}],"version-history":[{"count":1,"href":"https:\/\/sacramentoqr.com\/index.php?rest_route=\/wp\/v2\/posts\/11058\/revisions"}],"predecessor-version":[{"id":11059,"href":"https:\/\/sacramentoqr.com\/index.php?rest_route=\/wp\/v2\/posts\/11058\/revisions\/11059"}],"wp:featuredmedia":[{"embeddable":true,"href":"https:\/\/sacramentoqr.com\/index.php?rest_route=\/wp\/v2\/media\/11060"}],"wp:attachment":[{"href":"https:\/\/sacramentoqr.com\/index.php?rest_route=%2Fwp%2Fv2%2Fmedia&parent=11058"}],"wp:term":[{"taxonomy":"category","embeddable":true,"href":"https:\/\/sacramentoqr.com\/index.php?rest_route=%2Fwp%2Fv2%2Fcategories&post=11058"},{"taxonomy":"post_tag","embeddable":true,"href":"https:\/\/sacramentoqr.com\/index.php?rest_route=%2Fwp%2Fv2%2Ftags&post=11058"}],"curies":[{"name":"wp","href":"https:\/\/api.w.org\/{rel}","templated":true}]}}