{"id":11235,"date":"2022-11-19T11:21:37","date_gmt":"2022-11-19T16:21:37","guid":{"rendered":"https:\/\/sacramentoqr.com\/?p=11235"},"modified":"2022-11-19T16:21:38","modified_gmt":"2022-11-19T16:21:38","slug":"guru-frades-y-victor-arroyo-a-por-el-ironman-de-cozumel-de-este-domingo","status":"publish","type":"post","link":"https:\/\/sacramentoqr.com\/?p=11235","title":{"rendered":"&#8216;Guru&#8217; Frades y V\u00edctor Arroyo, a por el IRONMAN de Cozumel de este domingo"},"content":{"rendered":"<h4 class=\"c-mainarticle__subtitle\" style=\"text-align: center;\">Los dos triatletas espa\u00f1oles son aspirantes al podio en la prueba mexicana, que pone en juego dos slots (para l@s dos primer@s) para el Mundial de Kona de 2023.<\/h4>\n<div class=\"c-mainarticle__info\">\n<div class=\"c-mainarticle__author\">\n<div class=\"c-mainarticle__author-text\">\n<p>Este domingo se disputa el<strong>\u00a0IRONMAN de Cozumel<\/strong>, en M\u00e9xico, con dos espa\u00f1oles en liza:\u00a0<strong>Gurutze Frades<\/strong>\u00a0en la prueba PRO femenina y\u00a0<strong>V\u00edctor Arroyo<\/strong>\u00a0en la masculina.<\/p>\n<p>Ambos luchar\u00e1n por estar en el podio y por las dos plazas que pone en juego la prueba para el Campeonato del Mundo IRONMAN de Hawaii del pr\u00f3ximo a\u00f1o. Las dos primeras y los dos primeros se llevar\u00e1n sendos\u00a0<em>slots<\/em>.<\/p>\n<div class=\"banner\"><\/div>\n<p>&#8216;Guru&#8217; Frades, de 41 a\u00f1os, ya sabe lo que es estar muy cerca de la victoria en este IRONMAN.\u00a0La temporada pasada se llev\u00f3 la plata en Cozumel, s\u00f3lo superada por la sueca\u00a0<strong>Sara Svensk<\/strong>. La triatleta vasca<strong>\u00a0complet\u00f3 la prueba en 8:31:12<\/strong>, su plusmarca personal en IRONMAN.<\/p>\n<div class=\"banner\"><\/div>\n<p>Adem\u00e1s, a finales del pasado mes de septiembre,\u00a0&#8216;Guru&#8217; conquist\u00f3 el IRONMAN 70.3 de Cozumel\u00a0en su camino hacia el\u00a0Mundial de Kona, donde acab\u00f3 15\u00aa.<\/p>\n<p>El domingo volver\u00e1 a verse las caras con la sueca Svensk. Igualmente, en la\u00a0<em>Start List<\/em>\u00a0destaca\u00a0la presencia de la tambi\u00e9n sueca Lisa Norden.<\/p>\n<p>LISTA DE SALIDA PRUEBA PRO FEMENINA IM COZUMEL<\/p>\n<div class=\"banner\"><\/div>\n<h2>\u00abCOZUMEL SIEMPRE HA SIDO ESPECIAL\u00bb<\/h2>\n<p>El IRONMAN de Cozumel tambi\u00e9n le trae buenos recuerdos a V\u00edctor Arroyo.<\/p>\n<p>\u00abCozumel siempre ha sido especial. Debut\u00e9 como profesional en 2017 con un quinto puesto, seguido de dos P7 y un P9. Siempre lleg\u00f3 mejor que el a\u00f1o anterior, mi mejor registro all\u00ed fue 7h52min el a\u00f1o pasado. \u00bfEs una carrera r\u00e1pida? No, no lo es. La humedad y el calor del Caribe mexicano hacen que este evento sea especialmente peligroso\u00bb, explica en una de sus \u00faltimas publicaciones en redes sociales V\u00edctor, que en la primavera de 2018, tambi\u00e9n en Cozumel,\u00a0sufri\u00f3 un grave accidente mientras entrenaba en bici al chocar contra una camioneta mal aparcada en el carril bici.<\/p>\n<p>En su caso, la pelea por los\u00a0<em>slots<\/em>\u00a0ser\u00e1, si cabe, m\u00e1s dura. En la lista de salida figuran triatletas de primer nivel:\u00a0el dan\u00e9s Magnus Ditlev, el belga Pieter Heemeryck o el estadounidense Rudy Von Berg.<\/p>\n<div class=\"banner\"><\/div>\n<p>LISTA DE SALIDA PRUEBA PRO MASCULINA IM COZUMEL<\/p>\n<p>En la edici\u00f3n de la temporada pasada, el noruego Kristian Blummenfelt, en el que era su debut en larga distancia,\u00a0firm\u00f3 la mejor marca IRONMAN de la historia:\u00a0<strong>7 horas, 21 minutos y 12 segundos&#8230;<\/strong><\/p>\n<p class=\"c-news-list__author\">\n<\/div>\n<\/div>\n<\/div>\n","protected":false},"excerpt":{"rendered":"<p>Los dos triatletas espa\u00f1oles son aspirantes al podio en la prueba mexicana, que pone en&#8230;<\/p>\n","protected":false},"author":1,"featured_media":11237,"comment_status":"open","ping_status":"closed","sticky":false,"template":"","format":"standard","meta":{"footnotes":""},"categories":[6,10],"tags":[],"class_list":["post-11235","post","type-post","status-publish","format-standard","has-post-thumbnail","hentry","category-local","category-quintana-roo"],"_links":{"self":[{"href":"https:\/\/sacramentoqr.com\/index.php?rest_route=\/wp\/v2\/posts\/11235","targetHints":{"allow":["GET"]}}],"collection":[{"href":"https:\/\/sacramentoqr.com\/index.php?rest_route=\/wp\/v2\/posts"}],"about":[{"href":"https:\/\/sacramentoqr.com\/index.php?rest_route=\/wp\/v2\/types\/post"}],"author":[{"embeddable":true,"href":"https:\/\/sacramentoqr.com\/index.php?rest_route=\/wp\/v2\/users\/1"}],"replies":[{"embeddable":true,"href":"https:\/\/sacramentoqr.com\/index.php?rest_route=%2Fwp%2Fv2%2Fcomments&post=11235"}],"version-history":[{"count":1,"href":"https:\/\/sacramentoqr.com\/index.php?rest_route=\/wp\/v2\/posts\/11235\/revisions"}],"predecessor-version":[{"id":11236,"href":"https:\/\/sacramentoqr.com\/index.php?rest_route=\/wp\/v2\/posts\/11235\/revisions\/11236"}],"wp:featuredmedia":[{"embeddable":true,"href":"https:\/\/sacramentoqr.com\/index.php?rest_route=\/wp\/v2\/media\/11237"}],"wp:attachment":[{"href":"https:\/\/sacramentoqr.com\/index.php?rest_route=%2Fwp%2Fv2%2Fmedia&parent=11235"}],"wp:term":[{"taxonomy":"category","embeddable":true,"href":"https:\/\/sacramentoqr.com\/index.php?rest_route=%2Fwp%2Fv2%2Fcategories&post=11235"},{"taxonomy":"post_tag","embeddable":true,"href":"https:\/\/sacramentoqr.com\/index.php?rest_route=%2Fwp%2Fv2%2Ftags&post=11235"}],"curies":[{"name":"wp","href":"https:\/\/api.w.org\/{rel}","templated":true}]}}