{"id":11271,"date":"2022-11-21T16:37:49","date_gmt":"2022-11-21T21:37:49","guid":{"rendered":"https:\/\/sacramentoqr.com\/?p=11271"},"modified":"2022-11-22T21:38:31","modified_gmt":"2022-11-22T21:38:31","slug":"historica-participacion-de-cozumel-en-paranacionales-conade-2022","status":"publish","type":"post","link":"https:\/\/sacramentoqr.com\/?p=11271","title":{"rendered":"Hist\u00f3rica participaci\u00f3n de Cozumel en Paranacionales CONADE 2022"},"content":{"rendered":"<p class=\"ql-align-justify\">Manuel Pacheco Alamilla, Natalia P\u00e9rez Canul y Jos\u00e9 Manuel Pech Itz\u00e1 conquistaron de manera conjunta un total de nueve medallas, cinco de ellas de oro, una de plata y tres de bronce.<\/p>\n<p class=\"ql-align-justify\">La participaci\u00f3n de los cozumele\u00f1os\u00a0 en los Juegos Paranacionales CONADE 2022 quedar\u00e1 en la historia del deporte quintanarroense.<\/p>\n<p class=\"ql-align-justify\">De hecho, la tercia de ases cozumele\u00f1os del deporte adaptado sent\u00f3 un precedente al conquistar medallas en cada una de las pruebas en las que compitieron, al mando de su entrenador Jos\u00e9 Alberto Montes de Oca<\/p>\n<p class=\"ql-align-justify\">Pacheco Alamilla cerr\u00f3 de manera brillante su ciclo en la m\u00e1xima justa de paratletismo que se realiza en el pa\u00eds, al consagrarse campe\u00f3n en las pruebas de salto de longitud, 100 y 200 metros planos, para igualar su participaci\u00f3n del a\u00f1o pasado en Canc\u00fan.<\/p>\n<p class=\"ql-align-justify\">Mientras que Nati P\u00e9rez conquist\u00f3 preseas de oro en lanzamiento de bala y jabalina, adem\u00e1s de una de bronce en disco, con lo que super\u00f3 su actuaci\u00f3n del 2021, cuando obtuvo una de oro y dos de plata para Quintana Roo.<\/p>\n<p class=\"ql-align-justify\">Menci\u00f3n especial se merece el primer paratleta cozumele\u00f1o ciego que participa en los Paranacionales CONADE, Jos\u00e9 Manuel Pech Itz\u00e1, quien se present\u00f3 de manera triunfal al conquistar medalla de plata y dos de bronce.<\/p>\n<p class=\"ql-align-justify\">Los paratletas cozumele\u00f1os cumplieron de esa manera el compromiso que establecieron con la Presidenta Municipal Juanita Alonso Marrufo cuando los visit\u00f3 en su campamento de entrenamiento, por lo que le enviaron emotivos mensajes de agradecimiento por todo el apoyo que les ha brindado desde el inicio de su administraci\u00f3n.<\/p>\n","protected":false},"excerpt":{"rendered":"<p>Manuel Pacheco Alamilla, Natalia P\u00e9rez Canul y Jos\u00e9 Manuel Pech Itz\u00e1 conquistaron de manera conjunta&#8230;<\/p>\n","protected":false},"author":1,"featured_media":11273,"comment_status":"open","ping_status":"closed","sticky":false,"template":"","format":"standard","meta":{"footnotes":""},"categories":[6,10],"tags":[],"class_list":["post-11271","post","type-post","status-publish","format-standard","has-post-thumbnail","hentry","category-local","category-quintana-roo"],"_links":{"self":[{"href":"https:\/\/sacramentoqr.com\/index.php?rest_route=\/wp\/v2\/posts\/11271","targetHints":{"allow":["GET"]}}],"collection":[{"href":"https:\/\/sacramentoqr.com\/index.php?rest_route=\/wp\/v2\/posts"}],"about":[{"href":"https:\/\/sacramentoqr.com\/index.php?rest_route=\/wp\/v2\/types\/post"}],"author":[{"embeddable":true,"href":"https:\/\/sacramentoqr.com\/index.php?rest_route=\/wp\/v2\/users\/1"}],"replies":[{"embeddable":true,"href":"https:\/\/sacramentoqr.com\/index.php?rest_route=%2Fwp%2Fv2%2Fcomments&post=11271"}],"version-history":[{"count":1,"href":"https:\/\/sacramentoqr.com\/index.php?rest_route=\/wp\/v2\/posts\/11271\/revisions"}],"predecessor-version":[{"id":11272,"href":"https:\/\/sacramentoqr.com\/index.php?rest_route=\/wp\/v2\/posts\/11271\/revisions\/11272"}],"wp:featuredmedia":[{"embeddable":true,"href":"https:\/\/sacramentoqr.com\/index.php?rest_route=\/wp\/v2\/media\/11273"}],"wp:attachment":[{"href":"https:\/\/sacramentoqr.com\/index.php?rest_route=%2Fwp%2Fv2%2Fmedia&parent=11271"}],"wp:term":[{"taxonomy":"category","embeddable":true,"href":"https:\/\/sacramentoqr.com\/index.php?rest_route=%2Fwp%2Fv2%2Fcategories&post=11271"},{"taxonomy":"post_tag","embeddable":true,"href":"https:\/\/sacramentoqr.com\/index.php?rest_route=%2Fwp%2Fv2%2Ftags&post=11271"}],"curies":[{"name":"wp","href":"https:\/\/api.w.org\/{rel}","templated":true}]}}