{"id":11364,"date":"2022-11-26T09:16:51","date_gmt":"2022-11-26T14:16:51","guid":{"rendered":"https:\/\/sacramentoqr.com\/?p=11364"},"modified":"2022-11-26T14:16:53","modified_gmt":"2022-11-26T14:16:53","slug":"participa-juanita-alonso-en-primer-foro-de-consulta-ciudadana-para-el-plan-de-desarrollo-estatal","status":"publish","type":"post","link":"https:\/\/sacramentoqr.com\/?p=11364","title":{"rendered":"Participa Juanita Alonso en primer foro de consulta ciudadana para el Plan de Desarrollo Estatal"},"content":{"rendered":"<p>La opini\u00f3n del pueblo es esencial para la toma de decisiones de los tres \u00f3rdenes de gobierno de la actualidad, por ello, la presidenta municipal, Juanita Alonso Marrufo, acudi\u00f3 a la instalaci\u00f3n del primer \u201cForo de Consulta Ciudadana\u201d organizado por el gobierno de Quintana Roo que encabeza, Mara Lezama Espinosa, para formular el Plan de Desarrollo Estatal que ser\u00e1 publicado a m\u00e1s tardar el 24 de enero del 2023, el cual regir\u00e1 la aplicaci\u00f3n de los recursos en toda la entidad.<\/p>\n<p>En su mensaje, la mun\u00edcipe extern\u00f3 su benepl\u00e1cito por formar parte de este ejercicio democr\u00e1tico impulsado por la primera mujer gobernadora de Quintana Roo, con el que se generar\u00e1n los mecanismos institucionales para construir el Plan de desarrollo Estatal con propuestas e ideas de todos los sectores, con mecanismos de cooperaci\u00f3n y participaci\u00f3n ciudadana en materia de planeaci\u00f3n.<\/p>\n<p>\u201cHoy como cada d\u00eda de su mandato, nuestra gobernadora est\u00e1 atenta para escucharnos. Necesita de la participaci\u00f3n entusiasta y constructiva de todos, aprovechemos al m\u00e1ximo esta apertura de trabajo y ejemplo que nos da para tener un gobierno abierto y participativo.\u00a0 Que este ejercicio sea de aprendizaje y que todos aprovechen la oportunidad de participar, hagamos unidos con propuestas un Cozumel m\u00e1s grande y un Quintana Roo m\u00e1s pr\u00f3spero\u201d dijo.<\/p>\n<p>En tanto que, la subsecretaria de Finanzas y planeaci\u00f3n del estado, Enriqueta Odette Ru\u00edz Mart\u00ednez, en representaci\u00f3n de Eugenio Segura V\u00e1zquez, secretario de SEFIPLAN, expuso que esta es la primera ocasi\u00f3n que se hace un foro de consulta ciudadana en Cozumel, con lo que se cumple las indicaciones de la gobernadora de buscar mecanismos que se adec\u00faen a cada municipio, con base en la opini\u00f3n de la ciudadan\u00eda.<\/p>\n<p>\u201cEl objetivo es identificar desde la \u00f3ptica del d\u00eda a d\u00eda de los participantes los problemas que consideren como los m\u00e1s importantes dentro de las mesas en las que se registraron, y cu\u00e1les a su consideraci\u00f3n, ser\u00edan las soluciones, esto a fin de guiar las acciones del gobierno en esa materia, en este caso en Cozumel\u201d explic\u00f3.<\/p>\n<p>En esta actividad fueron instaladas 24 mesas de trabajo, cada una con un moderador, un relator y un representante municipal, adem\u00e1s de los actores ciudadanos, mismas que abordaron temas como: \u201cmovilidad y transporte\u201d, \u201cseguridad p\u00fablica\u201d, \u201cdesarrollo urbano\u201d, \u201cinfraestructura para el desarrollo\u201d, \u201cmedio ambiente\u201d, \u201cturismo\u201d, \u201cderechos humanos\u201d, \u201cdesarrollo agropecuario\u201d, \u201catenci\u00f3n a v\u00edctimas\u201d, \u201cprotecci\u00f3n civil\u201d, \u201ccultura\u201d, \u201cdeporte\u201d, \u201csalud\u201d \u201ceducaci\u00f3n\u201d, \u201cgobernanza\u201d, entre otros.<\/p>\n<p>En este foro tambi\u00e9n estuvieron presentes, Pedro Chargoy Loustaunau, subsecretario de Desarrollo Econ\u00f3mico del Estado, en representaci\u00f3n de Karla Mar\u00eda Almanza L\u00f3pez; Frida Bernal Flores, subdirectora de an\u00e1lisis legislativo del Congreso del Estado; Mario Esteban Lu\u00e9vano Cata\u00f1o, titular de la Comisi\u00f3n estatal de Mejora regulatoria; Francisco Javier Piza\u00f1a Alonso, presidente del Consejo ciudadano de planeaci\u00f3n municipal; Bernardo Cueto Riestra, secretario de Turismo; Jos\u00e9 Alberto Alonso Ovando, titular de la Agencia de proyectos estrat\u00e9gicos (AGEPRO) y la secretaria del Trabajo y previsi\u00f3n social, Flor Ruiz Cosio.<\/p>\n<p>Cabe destacar que debido a que en este foro realizado en el domo de la unidad deportiva Bicentenario, no todos los ciudadanos pudieron participar, se pondr\u00e1 a disposici\u00f3n un buz\u00f3n f\u00edsico en el palacio municipal con duraci\u00f3n hasta diciembre para que la ciudadan\u00eda pueda aportar sus an\u00e1lisis de problemas y soluciones en los diferentes temas, as\u00ed como tambi\u00e9n se puso a disposici\u00f3n un buz\u00f3n digital en la direcci\u00f3n electr\u00f3nica\u00a0<a href=\"http:\/\/www.sefiplan.qroo.gob.mx\/buzon\">www.sefiplan.qroo.gob.mx\/buzon<\/a>\u00a0donde tambi\u00e9n podr\u00e1n emitir sus opiniones.\u00a0<strong>(Fuente: Ayuntamiento de Cozumel)<\/strong><\/p>\n","protected":false},"excerpt":{"rendered":"<p>La opini\u00f3n del pueblo es esencial para la toma de decisiones de los tres \u00f3rdenes&#8230;<\/p>\n","protected":false},"author":1,"featured_media":11366,"comment_status":"open","ping_status":"closed","sticky":false,"template":"","format":"standard","meta":{"footnotes":""},"categories":[6,10],"tags":[],"class_list":["post-11364","post","type-post","status-publish","format-standard","has-post-thumbnail","hentry","category-local","category-quintana-roo"],"_links":{"self":[{"href":"https:\/\/sacramentoqr.com\/index.php?rest_route=\/wp\/v2\/posts\/11364","targetHints":{"allow":["GET"]}}],"collection":[{"href":"https:\/\/sacramentoqr.com\/index.php?rest_route=\/wp\/v2\/posts"}],"about":[{"href":"https:\/\/sacramentoqr.com\/index.php?rest_route=\/wp\/v2\/types\/post"}],"author":[{"embeddable":true,"href":"https:\/\/sacramentoqr.com\/index.php?rest_route=\/wp\/v2\/users\/1"}],"replies":[{"embeddable":true,"href":"https:\/\/sacramentoqr.com\/index.php?rest_route=%2Fwp%2Fv2%2Fcomments&post=11364"}],"version-history":[{"count":1,"href":"https:\/\/sacramentoqr.com\/index.php?rest_route=\/wp\/v2\/posts\/11364\/revisions"}],"predecessor-version":[{"id":11365,"href":"https:\/\/sacramentoqr.com\/index.php?rest_route=\/wp\/v2\/posts\/11364\/revisions\/11365"}],"wp:featuredmedia":[{"embeddable":true,"href":"https:\/\/sacramentoqr.com\/index.php?rest_route=\/wp\/v2\/media\/11366"}],"wp:attachment":[{"href":"https:\/\/sacramentoqr.com\/index.php?rest_route=%2Fwp%2Fv2%2Fmedia&parent=11364"}],"wp:term":[{"taxonomy":"category","embeddable":true,"href":"https:\/\/sacramentoqr.com\/index.php?rest_route=%2Fwp%2Fv2%2Fcategories&post=11364"},{"taxonomy":"post_tag","embeddable":true,"href":"https:\/\/sacramentoqr.com\/index.php?rest_route=%2Fwp%2Fv2%2Ftags&post=11364"}],"curies":[{"name":"wp","href":"https:\/\/api.w.org\/{rel}","templated":true}]}}