{"id":11418,"date":"2022-11-29T16:22:30","date_gmt":"2022-11-29T21:22:30","guid":{"rendered":"https:\/\/sacramentoqr.com\/?p=11418"},"modified":"2022-11-29T21:22:32","modified_gmt":"2022-11-29T21:22:32","slug":"toma-protesta-el-primer-comite-de-cuenca-insular-en-cozumel","status":"publish","type":"post","link":"https:\/\/sacramentoqr.com\/?p=11418","title":{"rendered":"Toma protesta el primer comit\u00e9 de Cuenca Insular en Cozumel"},"content":{"rendered":"<p class=\"ql-align-justify\">\u00a0Este lunes por la tarde tom\u00f3 protesta el primer Comit\u00e9 de Cuenca en territorio insular que ser\u00e1 referente para generar acciones en beneficio de nuestro acu\u00edfero, en esta instalaci\u00f3n se firm\u00f3 el acta constitutiva del mismo, mediante el cual se contribuir\u00e1 a impulsar una mejor gesti\u00f3n integrada del recurso h\u00eddrico, se promover\u00e1 el valor ambiental social y econ\u00f3mico del agua como lo establece la Ley de Aguas Nacionales y el Plan Municipal 2021-2024.<\/p>\n<p>En un hecho sin precedentes se llev\u00f3 a cabo la sesi\u00f3n de instalaci\u00f3n del Comit\u00e9 de Cuenca de Cozumel (CCC), donde la presidenta municipal y secretaria t\u00e9cnica del mismo, Juanita Alonso Marrufo, explic\u00f3 que dicha representaci\u00f3n tiene como objetivo contribuir a impulsar una mejor gesti\u00f3n de recurso h\u00eddrico, enfocada a dar atenci\u00f3n a la problem\u00e1tica que en su momento sea identificada por este comit\u00e9 en el municipio de Cozumel, para coadyuvar en la soluci\u00f3n del saneamiento integral en su \u00e1mbito de competencia, teniendo diversos objetivos generales.<\/p>\n<p class=\"ql-align-justify\">Entre los puntos indicados por la mun\u00edcipe est\u00e1, Impulsar la conservaci\u00f3n y mejoramiento de los ecosistemas; Fomentar el saneamiento, evitar la contaminaci\u00f3n de los cuerpos de agua y vigilar su calidad; Mejorar la distribuci\u00f3n y aprovechamiento de las aguas; Promover el uso eficiente del agua y su cultura del cuidado; Promover el valor ambiental social y econ\u00f3mico del agua, establecido en la Ley de Aguas Nacionales, mismo que busca coadyuvar en la preservaci\u00f3n de agua y el medio ambiente en la cuenca y del Plan Municipal 2021 del programa 3.2 Una isla Resiliente y Comprometida con el Cuidado del Medio Ambiente.<\/p>\n<p>La exposici\u00f3n de motivos y explicaci\u00f3n de la importancia de conservaci\u00f3n ambiental del acu\u00edfero estuvo a cargo del presidente del Consejo de Cuenca de la Pen\u00ednsula de Yucat\u00e1n, Gonzalo Merediz Alonso, quien destac\u00f3 la importancia de las acciones del cuidado del recurso h\u00eddrico para la conservaci\u00f3n de las selvas y del gran tesoro que tiene Cozumel en su diversidad, conformada de igual manera por especies que s\u00f3lo habitan en este lugar y que al proteger las selvas, se busca tambi\u00e9n la protecci\u00f3n de su h\u00e1bitat y su conservaci\u00f3n.<\/p>\n<p>En tanto que el Director general de Centinelas del Agua, A. C., Alejandro L\u00f3pez Tamayo realiz\u00f3 la presentaci\u00f3n del an\u00e1lisis de factibilidad para la instalaci\u00f3n del CCC, quien indic\u00f3 que fue un proceso de varios a\u00f1os que, hasta la actual administraci\u00f3n se pudo concretar el establecimiento de esta agrupaci\u00f3n.<\/p>\n<p>De manera detallada adem\u00e1s de presentar sus cuatro programas principales, explic\u00f3 que los diferentes sectores, desde la iniciativa privada, organizaciones de la sociedad civil, academia, ejidos y los diferentes \u00f3rdenes de gobierno, se reunieron este d\u00eda porque adem\u00e1s de ser usuarios del agua, son parte del Comit\u00e9 de Cuenca Cozumel, \u00f3rgano importante para coadyuvar en la gesti\u00f3n de los recursos h\u00eddricos.<\/p>\n<p>V\u00eda remota se cont\u00f3 con la importante intervenci\u00f3n del director general de la Comisi\u00f3n de Agua Potable y Alcantarillado, Armando Alberto Covarrubias Cort\u00e9s, en representaci\u00f3n de la gobernadora del estado, Mara Lezama Espinosa. Mientras que el gerente de Consejos de Cuenca Jos\u00e9 Alfredo Galindo Sosa, en su intervenci\u00f3n enfatiz\u00f3 \u201cQuiero transmitir mi alegr\u00eda de estar presenciando la instalaci\u00f3n del Primer comit\u00e9 de cuenca en un territorio insular en M\u00e9xico, sin duda que ser\u00e1 un referente que tambi\u00e9n nos va a permitir generar muchas lecciones aprendidas en Cozumel\u201d se\u00f1al\u00f3<\/p>\n<p>Agreg\u00f3 que ante los grandes retos que se tienen, se cuenta a favor el trabajo en equipo, el liderazgo de la presidenta municipal, Juanita Alonso Marrufo y la uni\u00f3n del orden estatal y federal, la sociedad organizada, los usuarios del agua con quienes sin duda se podr\u00e1 hacer equipo enfrentar los retos que se presenten.<\/p>\n","protected":false},"excerpt":{"rendered":"<p>\u00a0Este lunes por la tarde tom\u00f3 protesta el primer Comit\u00e9 de Cuenca en territorio insular&#8230;<\/p>\n","protected":false},"author":1,"featured_media":11420,"comment_status":"open","ping_status":"closed","sticky":false,"template":"","format":"standard","meta":{"footnotes":""},"categories":[6,10],"tags":[],"class_list":["post-11418","post","type-post","status-publish","format-standard","has-post-thumbnail","hentry","category-local","category-quintana-roo"],"_links":{"self":[{"href":"https:\/\/sacramentoqr.com\/index.php?rest_route=\/wp\/v2\/posts\/11418","targetHints":{"allow":["GET"]}}],"collection":[{"href":"https:\/\/sacramentoqr.com\/index.php?rest_route=\/wp\/v2\/posts"}],"about":[{"href":"https:\/\/sacramentoqr.com\/index.php?rest_route=\/wp\/v2\/types\/post"}],"author":[{"embeddable":true,"href":"https:\/\/sacramentoqr.com\/index.php?rest_route=\/wp\/v2\/users\/1"}],"replies":[{"embeddable":true,"href":"https:\/\/sacramentoqr.com\/index.php?rest_route=%2Fwp%2Fv2%2Fcomments&post=11418"}],"version-history":[{"count":1,"href":"https:\/\/sacramentoqr.com\/index.php?rest_route=\/wp\/v2\/posts\/11418\/revisions"}],"predecessor-version":[{"id":11419,"href":"https:\/\/sacramentoqr.com\/index.php?rest_route=\/wp\/v2\/posts\/11418\/revisions\/11419"}],"wp:featuredmedia":[{"embeddable":true,"href":"https:\/\/sacramentoqr.com\/index.php?rest_route=\/wp\/v2\/media\/11420"}],"wp:attachment":[{"href":"https:\/\/sacramentoqr.com\/index.php?rest_route=%2Fwp%2Fv2%2Fmedia&parent=11418"}],"wp:term":[{"taxonomy":"category","embeddable":true,"href":"https:\/\/sacramentoqr.com\/index.php?rest_route=%2Fwp%2Fv2%2Fcategories&post=11418"},{"taxonomy":"post_tag","embeddable":true,"href":"https:\/\/sacramentoqr.com\/index.php?rest_route=%2Fwp%2Fv2%2Ftags&post=11418"}],"curies":[{"name":"wp","href":"https:\/\/api.w.org\/{rel}","templated":true}]}}