{"id":11472,"date":"2022-12-02T17:17:40","date_gmt":"2022-12-02T22:17:40","guid":{"rendered":"https:\/\/sacramentoqr.com\/?p=11472"},"modified":"2022-12-02T22:17:42","modified_gmt":"2022-12-02T22:17:42","slug":"denuncian-bloqueo-de-acceso-al-mar-de-cozumel","status":"publish","type":"post","link":"https:\/\/sacramentoqr.com\/?p=11472","title":{"rendered":"Denuncian bloqueo de acceso al mar de Cozumel"},"content":{"rendered":"<p class=\"ql-align-justify\">Desde el 30 de septiembre del 2022 se interpuso una denuncia por bloqueo de acceso al mar de Cozumel, a pesar de que\u00a0desde hace 2 meses la Procuradur\u00eda Federal de Protecci\u00f3n al Ambiente (Profepa)\u00a0orden\u00f3 la inspecci\u00f3n en una zona bloqueada que permit\u00eda el acceso al mar, el personal de la dependencia federal no ha acatado esta orden.\u00a0Seg\u00fan Jos\u00e9 Rolando Carlos Medina Valdez, activista social de la isla, quien desde el 30 de septiembre del 2022 interpuso una denuncia ante la Profepa. El activista y presidente del Club de Leones dij\u00f3 que\u00a0su denuncia se bas\u00f3 en el art\u00edculo 2\u00a0de la Constituci\u00f3n Pol\u00edtica de los Estados Unidos Mexicanos, que dice\u00a0<em>libre acceso a las playas es un derecho humano.<\/em><\/p>\n<blockquote class=\"ql-align-justify\"><p>En octubre de 2020, el presidente de la Rep\u00fablica, Andr\u00e9s Manuel L\u00f3pez Obrador, expres\u00f3 un decreto que garantiza el libre acceso a las playas, a trav\u00e9s de la reforma a la Ley General de Bienes Nacionales, en la cual se establece que \u201ccuando no existan accesos desde la v\u00eda p\u00fablica, los propietarios de terrenos colindantes deber\u00e1n permitir el libre tr\u00e1nsito, a trav\u00e9s de las v\u00edas que convenga con ellos la Secretar\u00eda de Medio Ambiente y Recursos Naturales (Semarnat)\u201d.<\/p><\/blockquote>\n<p class=\"ql-align-justify\">Jos\u00e9 Rolando Medina\u00a0lamenta que las autoridades ambientales federales tarden tanto tiempo realizar una inspecci\u00f3n, lo que muestra el desinter\u00e9s por la isla en la que hay varias reservas ecol\u00f3gicas estales. El jueves Medina Valdez present\u00f3 una queja ante la representaci\u00f3n de la Comisi\u00f3n Estatal de los Derechos Humanos de Quintana Roo (Cdheqroo) contra la Profepa, pues hasta esa fecha no ha ejecutado la investigaci\u00f3n e inspecci\u00f3n ordenada en el oficio.<\/p>\n<p class=\"ql-align-justify\">El caso fue remitido a la CNDH, debido a que se trata de una dependencia federal la que est\u00e1 involucrada y record\u00f3 que la Profepa admiti\u00f3 la denuncia y que la inspecci\u00f3n determinar\u00eda si el cierre era o no ilegal, recalc\u00f3 que Cozumel merece tener una representaci\u00f3n de la Profepa. En ese momento, la autoridad municipal se declar\u00f3 incompetente debido a que la informaci\u00f3n con la que cuentan es privada.<\/p>\n<p class=\"ql-align-justify\">Cozumel tiene dentro de su territorio tres \u00c1reas Naturales Protegidas (ANP) de car\u00e1cter federal que son responsabilidad de la Comisi\u00f3n Nacional de \u00c1reas Naturales Protegidas (Conanp). De acuerdo con la cartograf\u00eda de la propia Conanp,\u00a0protegen casi toda la zona marina y de costas de la \u00ednsula.<\/p>\n<p class=\"ql-align-justify\">Chankanaab y Punta Sur son de car\u00e1cter estatal y est\u00e1n bajo el cuidado de la Fundaci\u00f3n de Parques y Museos de Cozumel, en tanto que las que tocan a la Conanp la Porci\u00f3n Franja Norte y Franja Costera Oriental, Terrestre y Mar\u00edtimas de la Isla Cozumel y el Parque Nacional Arrecifes de Cozumel.<\/p>\n","protected":false},"excerpt":{"rendered":"<p>Desde el 30 de septiembre del 2022 se interpuso una denuncia por bloqueo de acceso&#8230;<\/p>\n","protected":false},"author":1,"featured_media":11474,"comment_status":"open","ping_status":"closed","sticky":false,"template":"","format":"standard","meta":{"footnotes":""},"categories":[6,10],"tags":[],"class_list":["post-11472","post","type-post","status-publish","format-standard","has-post-thumbnail","hentry","category-local","category-quintana-roo"],"_links":{"self":[{"href":"https:\/\/sacramentoqr.com\/index.php?rest_route=\/wp\/v2\/posts\/11472","targetHints":{"allow":["GET"]}}],"collection":[{"href":"https:\/\/sacramentoqr.com\/index.php?rest_route=\/wp\/v2\/posts"}],"about":[{"href":"https:\/\/sacramentoqr.com\/index.php?rest_route=\/wp\/v2\/types\/post"}],"author":[{"embeddable":true,"href":"https:\/\/sacramentoqr.com\/index.php?rest_route=\/wp\/v2\/users\/1"}],"replies":[{"embeddable":true,"href":"https:\/\/sacramentoqr.com\/index.php?rest_route=%2Fwp%2Fv2%2Fcomments&post=11472"}],"version-history":[{"count":1,"href":"https:\/\/sacramentoqr.com\/index.php?rest_route=\/wp\/v2\/posts\/11472\/revisions"}],"predecessor-version":[{"id":11473,"href":"https:\/\/sacramentoqr.com\/index.php?rest_route=\/wp\/v2\/posts\/11472\/revisions\/11473"}],"wp:featuredmedia":[{"embeddable":true,"href":"https:\/\/sacramentoqr.com\/index.php?rest_route=\/wp\/v2\/media\/11474"}],"wp:attachment":[{"href":"https:\/\/sacramentoqr.com\/index.php?rest_route=%2Fwp%2Fv2%2Fmedia&parent=11472"}],"wp:term":[{"taxonomy":"category","embeddable":true,"href":"https:\/\/sacramentoqr.com\/index.php?rest_route=%2Fwp%2Fv2%2Fcategories&post=11472"},{"taxonomy":"post_tag","embeddable":true,"href":"https:\/\/sacramentoqr.com\/index.php?rest_route=%2Fwp%2Fv2%2Ftags&post=11472"}],"curies":[{"name":"wp","href":"https:\/\/api.w.org\/{rel}","templated":true}]}}