{"id":11490,"date":"2022-12-03T10:12:58","date_gmt":"2022-12-03T15:12:58","guid":{"rendered":"https:\/\/sacramentoqr.com\/?p=11490"},"modified":"2022-12-03T15:12:59","modified_gmt":"2022-12-03T15:12:59","slug":"eligen-al-joven-que-representara-a-cozumel-en-el-debate-politico-estatal","status":"publish","type":"post","link":"https:\/\/sacramentoqr.com\/?p=11490","title":{"rendered":"Eligen al joven que representar\u00e1 a Cozumel en el Debate Pol\u00edtico Estatal"},"content":{"rendered":"<p class=\"ql-align-justify\">Daniel Arturo Uicab Cort\u00e9s se impuso ante su contendiente en la fase de selecci\u00f3n local del \u201cDebate Pol\u00edtico Cozumel 2022\u201d, organizado por el Gobierno Municipal a trav\u00e9s de la Subdirecci\u00f3n de Atenci\u00f3n a la Juventud, por lo tanto, ser\u00e1 quien representar\u00e1 a la isla en el certamen estatal que se llevar\u00e1 a cabo en la capital del estado el 10 de diciembre pr\u00f3ximo.<\/p>\n<p class=\"ql-align-justify\">El sal\u00f3n Municipios de Quintana Roo, fue el escenario donde se llev\u00f3 a cabo esta actividad juvenil inaugurada por el Secretario General del Ayuntamiento, Ociel Gonz\u00e1lez Gonz\u00e1lez, quien en representaci\u00f3n de la presidenta municipal, Juanita Alonso Marrufo dio la bienvenida a los participantes que se animaron a asistir a esta cita para intercambiar sus opiniones sobre alg\u00fan tema popular.<\/p>\n<p class=\"ql-align-justify\">El Debate Pol\u00edtico Juvenil es una plataforma de expresi\u00f3n mediante el cual se busca la discusi\u00f3n informada de temas p\u00fablicos, con el prop\u00f3sito de apoyar el desarrollo de capacitadores en favor de la participaci\u00f3n democr\u00e1tica entre las y los j\u00f3venes de 12 a 29 a\u00f1os de edad, donde se fomenta el mecanismo de intercambio de perspectivas y an\u00e1lisis sobre la pol\u00edtica, las instituciones del Estado y sus principales actores, y promueve una cultura de participaci\u00f3n y expresi\u00f3n responsable.<\/p>\n<p class=\"ql-align-justify\">En la categor\u00eda \u201cB\u201d para j\u00f3venes de entre 18 a 29 a\u00f1os, el tema a discutir fue: \u00bfConsideras que las m\u00faltiples demandas de los pueblos originarios para elegir a sus autoridades a trav\u00e9s de sus propios sistemas normativos, son favorables para la consolidaci\u00f3n democr\u00e1tica de nuestro pa\u00eds?, donde los dos contendientes fijaron su postura \u201cA favor\u201d y \u201cEn contra\u201d, en tres etapas de cinco, cuatro y tres minutos.<\/p>\n<p class=\"ql-align-justify\">Al finalizar el jurado calificador conformado por el S\u00edndico del Ayuntamiento, Bruno Esteban D\u00edaz Sol\u00eds; el profesor universitario, V\u00edctor Hugo Francisco Morales Valdivieso y el subdirector de CAMAR, Alejando Abad V\u00e1zquez, determin\u00f3 con base en el desempe\u00f1o y argumentos expuestos, que el ganador fuera el concursante Daniel Arturo Uicab Cort\u00e9s, quien se impuso a su contendiente Rolando Jos\u00e9 Carlos Medina Valdez, mientras que la categor\u00eda \u201cA\u201d fue declarada desierta.<\/p>\n<p class=\"ql-align-justify\">Cabe destacar que en este evento tambi\u00e9n estuvieron presentes, el Segundo Regidor, Daniel Adri\u00e1n Gual Manzanilla; la Subdirectora de Desarrollo Social, Br\u00edgida Reyes Salvador y el Subdirector de Deportes, Erick Canul Be, quienes atestiguaron este Debate Pol\u00edtico, en el que fue seleccionado el joven que representar\u00e1 a Cozumel en la fase estatal de este concurso que se llevar\u00e1 a cabo el pr\u00f3ximo 10 de diciembre en Chetumal, Quintana Roo.<\/p>\n","protected":false},"excerpt":{"rendered":"<p>Daniel Arturo Uicab Cort\u00e9s se impuso ante su contendiente en la fase de selecci\u00f3n local&#8230;<\/p>\n","protected":false},"author":1,"featured_media":11492,"comment_status":"open","ping_status":"closed","sticky":false,"template":"","format":"standard","meta":{"footnotes":""},"categories":[6,10],"tags":[],"class_list":["post-11490","post","type-post","status-publish","format-standard","has-post-thumbnail","hentry","category-local","category-quintana-roo"],"_links":{"self":[{"href":"https:\/\/sacramentoqr.com\/index.php?rest_route=\/wp\/v2\/posts\/11490","targetHints":{"allow":["GET"]}}],"collection":[{"href":"https:\/\/sacramentoqr.com\/index.php?rest_route=\/wp\/v2\/posts"}],"about":[{"href":"https:\/\/sacramentoqr.com\/index.php?rest_route=\/wp\/v2\/types\/post"}],"author":[{"embeddable":true,"href":"https:\/\/sacramentoqr.com\/index.php?rest_route=\/wp\/v2\/users\/1"}],"replies":[{"embeddable":true,"href":"https:\/\/sacramentoqr.com\/index.php?rest_route=%2Fwp%2Fv2%2Fcomments&post=11490"}],"version-history":[{"count":1,"href":"https:\/\/sacramentoqr.com\/index.php?rest_route=\/wp\/v2\/posts\/11490\/revisions"}],"predecessor-version":[{"id":11491,"href":"https:\/\/sacramentoqr.com\/index.php?rest_route=\/wp\/v2\/posts\/11490\/revisions\/11491"}],"wp:featuredmedia":[{"embeddable":true,"href":"https:\/\/sacramentoqr.com\/index.php?rest_route=\/wp\/v2\/media\/11492"}],"wp:attachment":[{"href":"https:\/\/sacramentoqr.com\/index.php?rest_route=%2Fwp%2Fv2%2Fmedia&parent=11490"}],"wp:term":[{"taxonomy":"category","embeddable":true,"href":"https:\/\/sacramentoqr.com\/index.php?rest_route=%2Fwp%2Fv2%2Fcategories&post=11490"},{"taxonomy":"post_tag","embeddable":true,"href":"https:\/\/sacramentoqr.com\/index.php?rest_route=%2Fwp%2Fv2%2Ftags&post=11490"}],"curies":[{"name":"wp","href":"https:\/\/api.w.org\/{rel}","templated":true}]}}