{"id":11526,"date":"2022-12-05T17:16:41","date_gmt":"2022-12-05T22:16:41","guid":{"rendered":"https:\/\/sacramentoqr.com\/?p=11526"},"modified":"2022-12-05T22:16:42","modified_gmt":"2022-12-05T22:16:42","slug":"ya-controlan-el-cielo-estos-son-los-aeropuertos-operados-y-o-vigilados-por-el-ejercito-y-la-marina","status":"publish","type":"post","link":"https:\/\/sacramentoqr.com\/?p=11526","title":{"rendered":"\u00a1Ya controlan el cielo! Estos son los aeropuertos operados y\/o vigilados por el Ej\u00e9rcito y la Marina"},"content":{"rendered":"<div class=\"row\">\n<div class=\"col-sm-xl-12 layout-section wrap-bottom\">\n<h4 class=\"primary-font__PrimaryFontStyles-o56yd5-0 heuGTu h4-primary sub-headline\" style=\"text-align: center;\">La Marina y el Ej\u00e9rcito ya controlan o vigilan algunos de los aeropuertos m\u00e1s importantes de M\u00e9xico.<\/h4>\n<div class=\"default__StyledDiv-cj38t1-0 gCPfDm share-bar\">\n<p class=\"default__StyledText-xb1qmn-0 cgXrXK body-paragraph\">El presidente Andr\u00e9s Manuel L\u00f3pez Obrador\u00a0anunci\u00f3 este lunes 5 de diciembre\u00a0que los aeropuertos de\u00a0<b>Chetumal<\/b>,<b>\u00a0Palenque<\/b>\u00a0y<b>\u00a0Campeche<\/b>\u00a0estar\u00e1n bajo en control de la Secretar\u00eda de la Defensa (<b>Sedena<\/b>).<\/p>\n<p class=\"default__StyledText-xb1qmn-0 cgXrXK body-paragraph\">El mandatario mexicano dio esta noticia en conferencia de prensa realizada en la ciudad de Campeche, donde tambi\u00e9n confirm\u00f3 que\u00a0<b>el Ej\u00e9rcito tendr\u00e1 una l\u00ednea a\u00e9rea propia el pr\u00f3ximo a\u00f1o<\/b>.<\/p>\n<div id=\"arcad-feature-1567\" class=\"default__StyledAdUnit-ijbiyl-0 dmQA-dM arcad-feature margin-md-bottom \">\n<div class=\"arcad-container\">\n<div id=\"lazy_3\">\n<div id=\"inread_oop\" class=\"arcad ad-1x1\" data-google-query-id=\"CK7ykbDA4_sCFaY_wQodmWgJKw\">\n<div id=\"google_ads_iframe_\/77835600\/ElFinanciero__internas\/inread_oop_0__container__\"><\/div>\n<\/div>\n<\/div>\n<\/div>\n<\/div>\n<p class=\"default__StyledText-xb1qmn-0 cgXrXK body-paragraph\">Estas decisiones, se\u00f1al\u00f3 se tomaron con el objetivo de\u00a0<b>tener una mayor oferta de vuelos\u00a0<\/b>y\u00a0<b>boletos m\u00e1s econ\u00f3micos<\/b>.<\/p>\n<p class=\"default__StyledText-xb1qmn-0 cgXrXK body-paragraph\">\u201cCon el manejo de los aeropuertos en un\u00a0<b>plan integral<\/b>, seguramente van a haber m\u00e1s viajes, va a bajar el precio del pasaje [&#8230;] liberar todo lo que tiene que ver con el transporte a\u00e9reo\u201d, explic\u00f3 AMLO.<\/p>\n<p class=\"default__StyledText-xb1qmn-0 cgXrXK body-paragraph\">Estos aeropuertos del sureste del pa\u00eds se unir\u00e1n al Aeropuerto Internacional Felipe \u00c1ngeles (AIFA), que es<b>\u00a0operado en su totalidad por el Ej\u00e9rcito<\/b>\u00a0y al\u00a0<b>Nuevo Aeropuerto Internacional de Tulum<\/b>\u00a0\u2018Felipe Carillo Puerto\u2019, que ser\u00e1 inaugurado en 2023 y que contar\u00e1 con una\u00a0<b>base militar<\/b>.<\/p>\n<h2 class=\"heading__StyledHeading-sc-5jxglz-0 kSxoe\"><b>La Marina tambi\u00e9n \u2018colecciona\u2019 aeropuertos<\/b><\/h2>\n<p class=\"default__StyledText-xb1qmn-0 cgXrXK body-paragraph\">Asimismo, el titular del Ejecutivo inform\u00f3 que el\u00a0<b>Aeropuerto de Ciudad del Carmen<\/b>\u00a0tambi\u00e9n ser\u00e1 operado por la Secretar\u00eda de Marina (Semar).<\/p>\n<p class=\"default__StyledText-xb1qmn-0 cgXrXK body-paragraph\">Esta secretar\u00eda ya realiza trabajados de vigilancia en el Aeropuerto Internacional de la Ciudad de M\u00e9xico (<b>AICM<\/b>) as\u00ed como en los aer\u00f3dromos de\u00a0<b>Canc\u00fan\u00a0<\/b>y\u00a0<b>Cozumel<\/b>, en Quintana Roo;\u00a0<b>M\u00e9rida\u00a0<\/b>y\u00a0<b>Chichen Itz\u00e1<\/b>, en Yucat\u00e1n, y de\u00a0<b>Tapachula<\/b>\u00a0y\u00a0<b>Tuxtla Guti\u00e9rrez<\/b>, en Chiapas.<\/p>\n<p class=\"default__StyledText-xb1qmn-0 cgXrXK body-paragraph\">Asimismo, el presidente mexicano\u00a0instruy\u00f3 en agosto de 2022\u00a0que los<b>\u00a0aeropuertos de Guaymas\u00a0<\/b>y<b>\u00a0Ciudad Obreg\u00f3n<\/b>, ubicados en Sonora,<b>\u00a0pasen a manos de la Marina<\/b>, pese a que pertenec\u00edan a la Secretar\u00eda de Infraestructura, Comunicaciones y Transportes.<\/p>\n<h2 class=\"heading__StyledHeading-sc-5jxglz-0 kSxoe\"><b>\u00bfQu\u00e9 sabemos de \u2018Sedena Airways\u2019, la aerol\u00ednea militar de AMLO?<\/b><\/h2>\n<ul class=\"list__StyledUnorderedList-sc-1wwq737-2 elaPtt\">\n<li class=\"list__StyledListItem-sc-1wwq737-0 dmVxvi\">Estar\u00e1 compuesta por 10 naves entre las que se encuentra el\u00a0avi\u00f3n presidencial.<\/li>\n<li class=\"list__StyledListItem-sc-1wwq737-0 dmVxvi\">La\u00a0<b>empresa militar \u2018Olmeca-Maya-Mexica\u2019\u00a0<\/b>estar\u00e1 a cargo de la nueva aerol\u00ednea.. Actualmente administra otras megaobras del gobierno como el\u00a0Tren Maya,\u00a0el Aeropuerto Internacional Felipe \u00c1ngeles (AIFA), as\u00ed como los aeropuertos de Tulum y pr\u00f3ximamente Palenque y Chetumal.<\/li>\n<li class=\"list__StyledListItem-sc-1wwq737-0 dmVxvi\">El proyecto tiene como objetivo\u00a0<b>cubrir el d\u00e9ficit de vuelos a ciertas partes del pa\u00eds<\/b>\u00a0tras la desaparici\u00f3n de Mexicana y la\u00a0quiebra de Interjet.<\/li>\n<li class=\"list__StyledListItem-sc-1wwq737-0 dmVxvi\">El gobierno dar\u00e1 facilidades para todo aquel que busque tener una\u00a0<b>concesi\u00f3n de la aerol\u00ednea<\/b>, siempre y cuando cuente con solvencia econ\u00f3mica.<\/li>\n<li class=\"list__StyledListItem-sc-1wwq737-0 dmVxvi\">L\u00f3pez Obrador sugiri\u00f3<b>\u00a0tomar el nombre de la extinta Mexicana de Aviaci\u00f3n\u00a0<\/b>\u201cporque es regresarle a la naci\u00f3n un s\u00edmbolo, un emblema\u201d.<\/li>\n<li class=\"list__StyledListItem-sc-1wwq737-0 dmVxvi\">La\u00a0<b>aerol\u00ednea podr\u00eda estar lista para 2023,<\/b>\u00a0aunque el proyecto a\u00fan est\u00e1 bajo an\u00e1lisis del gobierno<\/li>\n<\/ul>\n<\/div>\n<\/div>\n<\/div>\n<div class=\"row\">\n<div class=\"col-sm-md-12 col-lg-xl-8 left-article-section ie-flex-100-percent-sm layout-section\"><\/div>\n<\/div>\n","protected":false},"excerpt":{"rendered":"<p>La Marina y el Ej\u00e9rcito ya controlan o vigilan algunos de los aeropuertos m\u00e1s importantes&#8230;<\/p>\n","protected":false},"author":1,"featured_media":11528,"comment_status":"open","ping_status":"closed","sticky":false,"template":"","format":"standard","meta":{"footnotes":""},"categories":[6,10],"tags":[],"class_list":["post-11526","post","type-post","status-publish","format-standard","has-post-thumbnail","hentry","category-local","category-quintana-roo"],"_links":{"self":[{"href":"https:\/\/sacramentoqr.com\/index.php?rest_route=\/wp\/v2\/posts\/11526","targetHints":{"allow":["GET"]}}],"collection":[{"href":"https:\/\/sacramentoqr.com\/index.php?rest_route=\/wp\/v2\/posts"}],"about":[{"href":"https:\/\/sacramentoqr.com\/index.php?rest_route=\/wp\/v2\/types\/post"}],"author":[{"embeddable":true,"href":"https:\/\/sacramentoqr.com\/index.php?rest_route=\/wp\/v2\/users\/1"}],"replies":[{"embeddable":true,"href":"https:\/\/sacramentoqr.com\/index.php?rest_route=%2Fwp%2Fv2%2Fcomments&post=11526"}],"version-history":[{"count":1,"href":"https:\/\/sacramentoqr.com\/index.php?rest_route=\/wp\/v2\/posts\/11526\/revisions"}],"predecessor-version":[{"id":11527,"href":"https:\/\/sacramentoqr.com\/index.php?rest_route=\/wp\/v2\/posts\/11526\/revisions\/11527"}],"wp:featuredmedia":[{"embeddable":true,"href":"https:\/\/sacramentoqr.com\/index.php?rest_route=\/wp\/v2\/media\/11528"}],"wp:attachment":[{"href":"https:\/\/sacramentoqr.com\/index.php?rest_route=%2Fwp%2Fv2%2Fmedia&parent=11526"}],"wp:term":[{"taxonomy":"category","embeddable":true,"href":"https:\/\/sacramentoqr.com\/index.php?rest_route=%2Fwp%2Fv2%2Fcategories&post=11526"},{"taxonomy":"post_tag","embeddable":true,"href":"https:\/\/sacramentoqr.com\/index.php?rest_route=%2Fwp%2Fv2%2Ftags&post=11526"}],"curies":[{"name":"wp","href":"https:\/\/api.w.org\/{rel}","templated":true}]}}