{"id":11760,"date":"2022-12-16T21:36:04","date_gmt":"2022-12-17T02:36:04","guid":{"rendered":"https:\/\/sacramentoqr.com\/?p=11760"},"modified":"2022-12-20T02:36:50","modified_gmt":"2022-12-20T02:36:50","slug":"mara-lezama-sentara-las-bases-para-erradicar-la-trata-de-personas-en-quintana-roo","status":"publish","type":"post","link":"https:\/\/sacramentoqr.com\/?p=11760","title":{"rendered":"MARA LEZAMA SENTAR\u00c1 LAS BASES PARA ERRADICAR LA TRATA DE PERSONAS EN QUINTANA ROO"},"content":{"rendered":"<p>La gobernadora Mara Lezama Espinosa afirm\u00f3 que durante su administraci\u00f3n se establecer\u00e1n pol\u00edticas p\u00fablicas para la prevenci\u00f3n y combate del delito de trata de personas, adem\u00e1s de acciones puntuales para la atenci\u00f3n, protecci\u00f3n y asistencia de v\u00edctimas de este il\u00edcito, siempre en coordinaci\u00f3n y trabajando de la mano autoridades de los tres \u00f3rdenes de gobierno y la sociedad.<\/p>\n<div>\n<p>Al encabezar el acto de reinstalaci\u00f3n y la IV Sesi\u00f3n Ordinaria de la Comisi\u00f3n Interinstitucional Contra los Delitos en Materia de Trata de Personas del Estado de Quintana Roo dej\u00f3 en claro que mantiene el compromiso de atender las causas de esta problem\u00e1tica, por lo que se ha integrado un presupuesto hist\u00f3rico para 2023 en el que se redireccionar\u00e1n recursos para combatir este flagelo, rescatar a las v\u00edctimas y castigar a los responsables.<\/p>\n<figure class=\"wp-block-image size-large\"><\/figure>\n<p>La gobernadora Mara Lezama resalt\u00f3 que, con la reinstalaci\u00f3n de la Comisi\u00f3n Interinstitucional Contra los Delitos en Materia de Trata de Personas, se fortalecer\u00e1n los trabajos para su prevenci\u00f3n, sanci\u00f3n y combate con la firme intenci\u00f3n de sentar las bases para su erradicaci\u00f3n en Quintana Roo, de acuerdo con el Nuevo Acuerdo por el Bienestar y Desarrollo.<\/p>\n<div class=\"td-a-ad id_inline_ad0 id_ad_content-horiz-left\"><\/div>\n<p>\u201cPensamos que este problema se debe resolver de ra\u00edz. Debemos ir a las causas que lo provocan, y en congruencia, nuestro trabajo desde esta Comisi\u00f3n ser\u00e1 el de luchar a conciencia por pol\u00edticas p\u00fablicas de protecci\u00f3n, asistencia y atenci\u00f3n a las v\u00edctimas\u201d, dijo.<\/p>\n<p>Por su parte, la secretaria de Gobierno, Cristina Torres, indic\u00f3 que los resultados positivos se obtendr\u00e1n con base en la labor coordinada entre los tres Poderes del Estado, los \u00f3rdenes concurrentes de gobierno, fiscal\u00edas aut\u00f3nomas; instituciones y dependencias del ejecutivo y de organizaciones de la sociedad civil.<\/p>\n<p>Puntualiz\u00f3 que el trabajo conjunto, con prop\u00f3sitos comunes, pero en particular con acciones decisivas, la gobernadora Mara Lezama sentar\u00e1 las bases no s\u00f3lo para para combatir sino para erradicar la trata de personas en el Estado.<\/p>\n<p>A la Sesi\u00f3n Ordinaria acudieron el magistrado presidente del Tribunal Superior de Justicia de Quintana Roo, Heyden Jos\u00e9 Cebada Rivas; el Fiscal General del Estado, \u00d3scar Montes de Oca, as\u00ed como las y los presidentes municipales de Isla Mujeres, Chetumal, Cozumel, Benito Ju\u00e1rez y Bacalar, entre otras autoridades.<\/p>\n<\/div>\n","protected":false},"excerpt":{"rendered":"<p>La gobernadora Mara Lezama Espinosa afirm\u00f3 que durante su administraci\u00f3n se establecer\u00e1n pol\u00edticas p\u00fablicas para&#8230;<\/p>\n","protected":false},"author":1,"featured_media":11762,"comment_status":"open","ping_status":"closed","sticky":false,"template":"","format":"standard","meta":{"footnotes":""},"categories":[6,10],"tags":[],"class_list":["post-11760","post","type-post","status-publish","format-standard","has-post-thumbnail","hentry","category-local","category-quintana-roo"],"_links":{"self":[{"href":"https:\/\/sacramentoqr.com\/index.php?rest_route=\/wp\/v2\/posts\/11760","targetHints":{"allow":["GET"]}}],"collection":[{"href":"https:\/\/sacramentoqr.com\/index.php?rest_route=\/wp\/v2\/posts"}],"about":[{"href":"https:\/\/sacramentoqr.com\/index.php?rest_route=\/wp\/v2\/types\/post"}],"author":[{"embeddable":true,"href":"https:\/\/sacramentoqr.com\/index.php?rest_route=\/wp\/v2\/users\/1"}],"replies":[{"embeddable":true,"href":"https:\/\/sacramentoqr.com\/index.php?rest_route=%2Fwp%2Fv2%2Fcomments&post=11760"}],"version-history":[{"count":1,"href":"https:\/\/sacramentoqr.com\/index.php?rest_route=\/wp\/v2\/posts\/11760\/revisions"}],"predecessor-version":[{"id":11761,"href":"https:\/\/sacramentoqr.com\/index.php?rest_route=\/wp\/v2\/posts\/11760\/revisions\/11761"}],"wp:featuredmedia":[{"embeddable":true,"href":"https:\/\/sacramentoqr.com\/index.php?rest_route=\/wp\/v2\/media\/11762"}],"wp:attachment":[{"href":"https:\/\/sacramentoqr.com\/index.php?rest_route=%2Fwp%2Fv2%2Fmedia&parent=11760"}],"wp:term":[{"taxonomy":"category","embeddable":true,"href":"https:\/\/sacramentoqr.com\/index.php?rest_route=%2Fwp%2Fv2%2Fcategories&post=11760"},{"taxonomy":"post_tag","embeddable":true,"href":"https:\/\/sacramentoqr.com\/index.php?rest_route=%2Fwp%2Fv2%2Ftags&post=11760"}],"curies":[{"name":"wp","href":"https:\/\/api.w.org\/{rel}","templated":true}]}}