{"id":12068,"date":"2022-12-31T09:27:10","date_gmt":"2022-12-31T14:27:10","guid":{"rendered":"https:\/\/sacramentoqr.com\/?p=12068"},"modified":"2022-12-31T14:27:12","modified_gmt":"2022-12-31T14:27:12","slug":"fortalecera-dif-cozumel-cultura-de-inclusion-educativa-en-el-2023","status":"publish","type":"post","link":"https:\/\/sacramentoqr.com\/?p=12068","title":{"rendered":"Fortalecer\u00e1 DIF Cozumel, cultura de inclusi\u00f3n educativa en el 2023"},"content":{"rendered":"<p class=\"ql-align-justify\">La Coordinaci\u00f3n de Inclusi\u00f3n del Sistema para el Desarrollo Integral de la Familia (DIF) de Cozumel,\u00a0facilit\u00f3 varios\u00a0programas y talleres\u00a0inclusivos dise\u00f1ados para beneficiar a las personas con discapacidad.<\/p>\n<p class=\"ql-align-justify\">A nombre de la Presidenta honoraria del sistema para el Desarrollo Integral de la Familia (DIF), Lic. Susana del Mar Coral Villanueva, la coordinadora de Inclusi\u00f3n Mtra. Patricia del Carmen Carrillo Chulin, declar\u00f3 su satisfacci\u00f3n por el progreso conseguido en temas de Inclusi\u00f3n en este a\u00f1o, pero admiti\u00f3 que hay mucho m\u00e1s por hacer para este sector.<\/p>\n<p class=\"ql-align-justify\">Para ir abriendo espacios y oportunidades de crecimiento del turismo inclusivo en este municipio, as\u00ed como el empoderamiento de la cultura social de respeto a las personas con discapacidad, la coordinadora confirm\u00f3, que ya tiene lista para el pr\u00f3ximo a\u00f1o una agenda de actividades y talleres de capacitaci\u00f3n para trabajadores y prestadores de servicios tur\u00edsticos.<\/p>\n<p class=\"ql-align-justify\">En\u00a02022, esta\u00a0Coordinaci\u00f3n de Inclusi\u00f3n otorga\u00a0a un total de 209 personas con\u00a0discapacidad transporte terrestre y mar\u00edtimo con descuento y acceso gratuito a los parques tem\u00e1ticos a trav\u00e9s del programa \u201cTarjetas Acreditables\u201d.<\/p>\n<p class=\"ql-align-justify\">Adem\u00e1s, para impulsar el respeto a la igualdad, el bienestar humano y la Inclusi\u00f3n Educativa en nuestro municipio, promovi\u00f3 entre prestadores del sector tur\u00edstico y estudiantes de nivel secundaria el taller \u201cInt\u00e9grate Incl\u00fayete\u201d que involucr\u00f3 a 900 personas; y que en este 2023 quedar\u00e1 concretado el proyecto \u201cMurales Inclusivos con Se\u00f1as Mexicanas\u201d se implementar\u00e1\u00a0en 16 escuelas\u00a0primarias.<\/p>\n","protected":false},"excerpt":{"rendered":"<p>La Coordinaci\u00f3n de Inclusi\u00f3n del Sistema para el Desarrollo Integral de la Familia (DIF) de&#8230;<\/p>\n","protected":false},"author":1,"featured_media":12070,"comment_status":"open","ping_status":"closed","sticky":false,"template":"","format":"standard","meta":{"footnotes":""},"categories":[6],"tags":[],"class_list":["post-12068","post","type-post","status-publish","format-standard","has-post-thumbnail","hentry","category-local"],"_links":{"self":[{"href":"https:\/\/sacramentoqr.com\/index.php?rest_route=\/wp\/v2\/posts\/12068","targetHints":{"allow":["GET"]}}],"collection":[{"href":"https:\/\/sacramentoqr.com\/index.php?rest_route=\/wp\/v2\/posts"}],"about":[{"href":"https:\/\/sacramentoqr.com\/index.php?rest_route=\/wp\/v2\/types\/post"}],"author":[{"embeddable":true,"href":"https:\/\/sacramentoqr.com\/index.php?rest_route=\/wp\/v2\/users\/1"}],"replies":[{"embeddable":true,"href":"https:\/\/sacramentoqr.com\/index.php?rest_route=%2Fwp%2Fv2%2Fcomments&post=12068"}],"version-history":[{"count":1,"href":"https:\/\/sacramentoqr.com\/index.php?rest_route=\/wp\/v2\/posts\/12068\/revisions"}],"predecessor-version":[{"id":12069,"href":"https:\/\/sacramentoqr.com\/index.php?rest_route=\/wp\/v2\/posts\/12068\/revisions\/12069"}],"wp:featuredmedia":[{"embeddable":true,"href":"https:\/\/sacramentoqr.com\/index.php?rest_route=\/wp\/v2\/media\/12070"}],"wp:attachment":[{"href":"https:\/\/sacramentoqr.com\/index.php?rest_route=%2Fwp%2Fv2%2Fmedia&parent=12068"}],"wp:term":[{"taxonomy":"category","embeddable":true,"href":"https:\/\/sacramentoqr.com\/index.php?rest_route=%2Fwp%2Fv2%2Fcategories&post=12068"},{"taxonomy":"post_tag","embeddable":true,"href":"https:\/\/sacramentoqr.com\/index.php?rest_route=%2Fwp%2Fv2%2Ftags&post=12068"}],"curies":[{"name":"wp","href":"https:\/\/api.w.org\/{rel}","templated":true}]}}