{"id":12262,"date":"2023-01-06T15:34:01","date_gmt":"2023-01-06T20:34:01","guid":{"rendered":"https:\/\/sacramentoqr.com\/?p=12262"},"modified":"2023-01-06T20:34:10","modified_gmt":"2023-01-06T20:34:10","slug":"mexico-confirma-llegada-de-biden-para-el-domingo","status":"publish","type":"post","link":"https:\/\/sacramentoqr.com\/?p=12262","title":{"rendered":"M\u00e9xico confirma llegada de Biden para el domingo"},"content":{"rendered":"<h4 class=\"intro\" style=\"text-align: center;\">El mandatario estadounidense llegar\u00e1 un d\u00eda antes de lo previsto y lo har\u00e1 por el nuevo aeropuerto de la capital mexicana, tal y como se lo pidi\u00f3 el presidente AMLO, seg\u00fan medios locales.<\/h4>\n<div id=\"sharing-bar\" class=\"min\">\n<p>El canciller mexicano\u00a0Marcelo Ebrard\u00a0inform\u00f3 este jueves (05.01.2023) que el presidente de\u00a0Estados Unidos,\u00a0Joe Biden, llegar\u00e1 al pa\u00eds latinoamericano el domingo 8 de enero, un d\u00eda antes de lo programado y aterrizar\u00e1 en el Aeropuerto Internacional Felipe \u00c1ngeles (AIFA), nueva terminal a\u00e9rea inaugurada el 21 de marzo de 2022.<\/p>\n<p>\u00abActualizaci\u00f3n de la Cumbre de L\u00edderes de Am\u00e9rica del Norte: el Presidente de los Estados Unidos, Joe Biden, llegar\u00e1 el domingo 8 de enero por la tarde al Aeropuerto Internacional Felipe \u00c1ngeles. Ser\u00e1 bienvenido a\u00a0M\u00e9xico!\u00bb, apunt\u00f3 Ebrard en un mensaje en redes sociales.<\/p>\n<h2>AMLO pidi\u00f3 aterrizaje en el AIFA<\/h2>\n<p>Seg\u00fan el medio local Proceso, \u00abm\u00e1s all\u00e1 de un asunto log\u00edstico, el aeropuerto de llegada de Biden revirti\u00f3 una dimensi\u00f3n pol\u00edtica en d\u00edas recientes\u201d. El mandatario mexicano\u00a0Andr\u00e9s Manuel L\u00f3pez Obrador\u00a0exhort\u00f3 a su par estadounidense a utilizar el AIFA para aterrizar \u00abpara mostrar el nivel del aeropuerto que mand\u00f3 a construir en el arranque de su sexenio\u201d, dijo el medio.<\/p>\n<p>Tras trascender que la petici\u00f3n hab\u00eda sido descartada por los Servicios Secretos de Estados Unidos, la oposici\u00f3n aprovech\u00f3 la negativa de Washington para mofarse del mandatario, agreg\u00f3 Proceso.<\/p>\n<p>No obstante, seg\u00fan Proceso, el gobierno de M\u00e9xico \u00abtermin\u00f3 convenciendo al de Biden de llegar al AIFA, aunque Ebrard no ofreci\u00f3 detalles sobre las negociaciones\u201d.<\/p>\n<p>Previamente, en una conferencia de prensa, Ebrard hab\u00eda adelantado que Biden llegar\u00eda a la capital mexicana el lunes 9 de enero a las 13.00 hora local (20.00 CET), mientras que el primer ministro de Canad\u00e1, Justin Trudeau, arribar\u00e1 a las 14.30 horas (21.30 CET).<\/p>\n<h2>Encuentros bilaterales<\/h2>\n<p>Adem\u00e1s, dijo que el presidente de M\u00e9xico, Andr\u00e9s Manuel L\u00f3pez Obrador, tendr\u00e1 un encuentro bilateral con Biden el pr\u00f3ximo lunes y otro el mi\u00e9rcoles con Trudeau, en el marco de la Cumbre de L\u00edderes de Am\u00e9rica del Norte que albergar\u00e1 M\u00e9xico.<\/p>\n<p>La reuni\u00f3n oficial entre los tres mandatarios tendr\u00e1 lugar el martes en el Palacio Nacional a partir de las 11.30 hora local (20.30 CET) y hasta cerca de las 15.00 horas (22.00 CET), cuando habr\u00eda un mensaje conjunto a medios de comunicaci\u00f3n, despu\u00e9s de que Biden volviera a Estados Unidos.\u00a0El encuentro con Trudeau tendr\u00e1 lugar a las 10.30 hora local (17.30 CET) del mi\u00e9rcoles.<\/p>\n<p>La \u00faltima Cumbre de L\u00edderes de Am\u00e9rica del Norte tuvo lugar en noviembre de 2021 en Washington, donde los tres responsables norteamericanos abordaron la pandemia de COVID-19, la migraci\u00f3n y el Tratado entre M\u00e9xico, Estados Unidos y Canad\u00e1 (T-MEC).\u00a0La cumbre trilateral se organizaba normalmente de forma anual, aunque en 2021 se celebr\u00f3 por primera vez desde 2016, despu\u00e9s de cuatro a\u00f1os paralizada durante el mandato de Donald Trump.<\/p>\n<\/div>\n","protected":false},"excerpt":{"rendered":"<p>El mandatario estadounidense llegar\u00e1 un d\u00eda antes de lo previsto y lo har\u00e1 por el&#8230;<\/p>\n","protected":false},"author":1,"featured_media":12264,"comment_status":"open","ping_status":"closed","sticky":false,"template":"","format":"standard","meta":{"footnotes":""},"categories":[7],"tags":[],"class_list":["post-12262","post","type-post","status-publish","format-standard","has-post-thumbnail","hentry","category-nacional"],"_links":{"self":[{"href":"https:\/\/sacramentoqr.com\/index.php?rest_route=\/wp\/v2\/posts\/12262","targetHints":{"allow":["GET"]}}],"collection":[{"href":"https:\/\/sacramentoqr.com\/index.php?rest_route=\/wp\/v2\/posts"}],"about":[{"href":"https:\/\/sacramentoqr.com\/index.php?rest_route=\/wp\/v2\/types\/post"}],"author":[{"embeddable":true,"href":"https:\/\/sacramentoqr.com\/index.php?rest_route=\/wp\/v2\/users\/1"}],"replies":[{"embeddable":true,"href":"https:\/\/sacramentoqr.com\/index.php?rest_route=%2Fwp%2Fv2%2Fcomments&post=12262"}],"version-history":[{"count":1,"href":"https:\/\/sacramentoqr.com\/index.php?rest_route=\/wp\/v2\/posts\/12262\/revisions"}],"predecessor-version":[{"id":12263,"href":"https:\/\/sacramentoqr.com\/index.php?rest_route=\/wp\/v2\/posts\/12262\/revisions\/12263"}],"wp:featuredmedia":[{"embeddable":true,"href":"https:\/\/sacramentoqr.com\/index.php?rest_route=\/wp\/v2\/media\/12264"}],"wp:attachment":[{"href":"https:\/\/sacramentoqr.com\/index.php?rest_route=%2Fwp%2Fv2%2Fmedia&parent=12262"}],"wp:term":[{"taxonomy":"category","embeddable":true,"href":"https:\/\/sacramentoqr.com\/index.php?rest_route=%2Fwp%2Fv2%2Fcategories&post=12262"},{"taxonomy":"post_tag","embeddable":true,"href":"https:\/\/sacramentoqr.com\/index.php?rest_route=%2Fwp%2Fv2%2Ftags&post=12262"}],"curies":[{"name":"wp","href":"https:\/\/api.w.org\/{rel}","templated":true}]}}