{"id":12442,"date":"2023-01-11T16:09:07","date_gmt":"2023-01-11T21:09:07","guid":{"rendered":"https:\/\/sacramentoqr.com\/?p=12442"},"modified":"2023-01-11T21:09:16","modified_gmt":"2023-01-11T21:09:16","slug":"mexico-y-canada-tratan-inversiones-y-problemas-en-energia","status":"publish","type":"post","link":"https:\/\/sacramentoqr.com\/?p=12442","title":{"rendered":"M\u00e9xico y Canad\u00e1 tratan inversiones y problemas en energ\u00eda"},"content":{"rendered":"<div class=\"intro intro--bold\">\n<p>El desarrollo de las negociaciones econ\u00f3micas y otros proyectos de inversi\u00f3n de Canad\u00e1 en M\u00e9xico fueron tratados en un intercambio entre los mandatarios de ambos pa\u00edses en una reuni\u00f3n celebrada el mi\u00e9rcoles 11 de enero de 2023 en la capital mexicana.<\/p>\n<\/div>\n<div id=\"article-content\" class=\"content-floated-wrap fb-quotable\">\n<div class=\"wsw\">\n<p>Las inversiones canadienses en M\u00e9xico, sobre todo en miner\u00eda y en un proyecto de gasoducto para el sureste mexicano, as\u00ed como los problemas de empresas canadienses en el sector el\u00e9ctrico centraron la reuni\u00f3n el mi\u00e9rcoles entre el presidente Andr\u00e9s Manuel L\u00f3pez Obrador y el primer ministro de Canada, Justin Trudeau.<\/p>\n<p>La cita\u00a0<strong><em>se celebr\u00f3 tras la cumbre de los tres l\u00edderes norteamericanos<\/em><\/strong>\u00a0a la que asisti\u00f3 tambi\u00e9n el estadounidense Joe Biden y que tuvo lugar la v\u00edspera con el objetivo compartido de tener una Am\u00e9rica del Norte m\u00e1s fuerte en materia de econ\u00f3mica, comercial y para la gesti\u00f3n de la migraci\u00f3n.<\/p>\n<p>L\u00f3pez Obrador celebr\u00f3 que las inversiones canadienses en M\u00e9xico est\u00e9n al alza y dijo que por eso surgen problemas pero se comprometi\u00f3 con Trudeau a \u201crecibir a las empresas que puedan tener asuntos pendientes, alguna inconformidad con la actitud del gobierno\u201d.<\/p>\n<p>\u201cSiempre estamos abiertos al di\u00e1logo\u201d, agreg\u00f3.<\/p>\n<p>Canad\u00e1, junto a Estados Unidos, se\u00f1alan a M\u00e9xico por incumplir el tratado de libre comercio norteamericano ya que el pa\u00eds tiene leyes del sector el\u00e9ctrico que favorecen a las energ\u00e9ticas estatales mexicanas frente a inversionistas privados y extranjeros, centrados en energ\u00edas limpias.<\/p>\n<p>Trudeau calific\u00f3 la alianza con M\u00e9xico como \u201cmuy s\u00f3lida\u201d ya que ambos son \u201cpa\u00edses progresistas\u201d, indic\u00f3 que esa relaci\u00f3n se ha profundizado en los \u00faltimos a\u00f1os y dijo que ambos mandatarios trabajaban para estrechar a\u00fan m\u00e1s lazos y el aporte com\u00fan a la alianza de Am\u00e9rica del Norte.<\/p>\n<\/div>\n<\/div>\n","protected":false},"excerpt":{"rendered":"<p>El desarrollo de las negociaciones econ\u00f3micas y otros proyectos de inversi\u00f3n de Canad\u00e1 en M\u00e9xico&#8230;<\/p>\n","protected":false},"author":1,"featured_media":12444,"comment_status":"open","ping_status":"closed","sticky":false,"template":"","format":"standard","meta":{"footnotes":""},"categories":[5],"tags":[],"class_list":["post-12442","post","type-post","status-publish","format-standard","has-post-thumbnail","hentry","category-internacional"],"_links":{"self":[{"href":"https:\/\/sacramentoqr.com\/index.php?rest_route=\/wp\/v2\/posts\/12442","targetHints":{"allow":["GET"]}}],"collection":[{"href":"https:\/\/sacramentoqr.com\/index.php?rest_route=\/wp\/v2\/posts"}],"about":[{"href":"https:\/\/sacramentoqr.com\/index.php?rest_route=\/wp\/v2\/types\/post"}],"author":[{"embeddable":true,"href":"https:\/\/sacramentoqr.com\/index.php?rest_route=\/wp\/v2\/users\/1"}],"replies":[{"embeddable":true,"href":"https:\/\/sacramentoqr.com\/index.php?rest_route=%2Fwp%2Fv2%2Fcomments&post=12442"}],"version-history":[{"count":1,"href":"https:\/\/sacramentoqr.com\/index.php?rest_route=\/wp\/v2\/posts\/12442\/revisions"}],"predecessor-version":[{"id":12443,"href":"https:\/\/sacramentoqr.com\/index.php?rest_route=\/wp\/v2\/posts\/12442\/revisions\/12443"}],"wp:featuredmedia":[{"embeddable":true,"href":"https:\/\/sacramentoqr.com\/index.php?rest_route=\/wp\/v2\/media\/12444"}],"wp:attachment":[{"href":"https:\/\/sacramentoqr.com\/index.php?rest_route=%2Fwp%2Fv2%2Fmedia&parent=12442"}],"wp:term":[{"taxonomy":"category","embeddable":true,"href":"https:\/\/sacramentoqr.com\/index.php?rest_route=%2Fwp%2Fv2%2Fcategories&post=12442"},{"taxonomy":"post_tag","embeddable":true,"href":"https:\/\/sacramentoqr.com\/index.php?rest_route=%2Fwp%2Fv2%2Ftags&post=12442"}],"curies":[{"name":"wp","href":"https:\/\/api.w.org\/{rel}","templated":true}]}}