{"id":12445,"date":"2023-01-11T16:13:50","date_gmt":"2023-01-11T21:13:50","guid":{"rendered":"https:\/\/sacramentoqr.com\/?p=12445"},"modified":"2023-01-11T21:13:59","modified_gmt":"2023-01-11T21:13:59","slug":"eeuu-trabaja-con-mexico-para-mas-extradiciones-de-narcotraficantes","status":"publish","type":"post","link":"https:\/\/sacramentoqr.com\/?p=12445","title":{"rendered":"EEUU trabaja con M\u00e9xico para &quot;m\u00e1s extradiciones&quot; de narcotraficantes"},"content":{"rendered":"<p>El embajador de Estados Unidos en M\u00e9xico, Ken Salazar, afirm\u00f3 este mi\u00e9rcoles que su Gobierno trabaja con el del pa\u00eds latinoamericano para que haya \u00abm\u00e1s extradiciones\u00bb de narcotraficantes, despu\u00e9s de la captura de Ovidio Guzm\u00e1n, el hijo de Joaqu\u00edn \u00abel Chapo\u00bb Guzm\u00e1n.<\/p>\n<p>As\u00ed lo declar\u00f3 en una rueda de prensa para comentar los resultados de la X Cumbre de L\u00edderes de Am\u00e9rica del Norte, que reuni\u00f3 el martes en la capital mexicana al presidente de M\u00e9xico, Andr\u00e9s Manuel L\u00f3pez Obrador; al de Estados Unidos, Joe Biden; y al primer ministro de Canad\u00e1, Justin Trudeau.<\/p>\n<p>Salazar no quiso comentar en particular acerca del proceso de extradici\u00f3n a Estados Unidos de Ovidio, capturado pocos d\u00edas antes de la cumbre.<\/p>\n<p>\u00abAh\u00ed vamos trabajando para hacer m\u00e1s extradiciones\u00bb, anunci\u00f3 sin ofrecer m\u00e1s detalles.<\/p>\n<p>Sobre la crisis migratoria, un asunto clave en la cumbre, el embajador pidi\u00f3 que los migrantes no sean utilizados como herramienta pol\u00edtica<\/p>\n<p>\u00abEso no se debe hacer ni en Estados Unidos, ni aqu\u00ed, en M\u00e9xico\u00bb, declar\u00f3.<\/p>\n<p>Salazar inst\u00f3 a los dem\u00f3cratas y republicanos del Congreso de Estados Unidos a \u00abhallar soluciones\u00bb e impulsar una reforma migratoria en el pa\u00eds que permita al Gobierno de Joe Biden aumentar la inversi\u00f3n en la frontera.<\/p>\n<p>La cumbre tuvo lugar pocos d\u00edas despu\u00e9s de que Biden anunciara un programa apoyado por M\u00e9xico que prev\u00e9 entregar 30.000 permisos mensuales a venezolanos, cubanos, nicarag\u00fcenses y haitianos en Estados Unidos, pero deportar autom\u00e1ticamente a territorio mexicano aquellos que crucen la frontera de forma irregular.<\/p>\n<p>\u00abSe requiere un sistema seguro, ordenado y que proteja los derechos de la gente migrante\u00bb, reivindic\u00f3.<\/p>\n<p>Salazar, sin embargo, no ofreci\u00f3 precisi\u00f3n sobre el nuevo centro migratorio que M\u00e9xico prev\u00e9 instalar con el apoyo de Estados Unidos y Canad\u00e1.<\/p>\n<p>Los tres Gobiernos lo anunciaron en un comunicado conjunto despu\u00e9s de la cumbre, si bien L\u00f3pez Obrador lo hab\u00eda desmentido horas antes en rueda de prensa.<\/p>\n<p>El diplom\u00e1tico tampoco aclar\u00f3 si los tres mandatarios llegaron a un acuerdo para no tratar durante la cumbre la disputa comercial que Estados Unidos y Canad\u00e1 abrieron contra la pol\u00edtica energ\u00e9tica de M\u00e9xico por considerar que discrimina a sus empresas.<\/p>\n<p>Salazar dijo que espera que dicho mecanismo, establecido por el tratado de libre comercio T-MEC, tenga \u00abbuenos resultados\u00bb.<\/p>\n<p>Adem\u00e1s, inst\u00f3 a M\u00e9xico a apostar por las energ\u00edas limpias y pidi\u00f3 que siga los consejos del enviado estadounidense por el Clima, John Kerry, a quien defini\u00f3 como \u00abel l\u00edder del mundo que sabe m\u00e1s sobre cambio clim\u00e1tico\u00bb.<\/p>\n<p>En la cumbre, Estados Unidos pidi\u00f3 una mayor persecuci\u00f3n del tr\u00e1fico de fentanilo, causante de 100.000 muertes de estadounidenses por sobredosis el a\u00f1o pasado, mientras que M\u00e9xico insisti\u00f3 en que Washington frene el tr\u00e1fico de armas hacia territorio mexicano.<\/p>\n<p>En ese sentido, Salazar declar\u00f3 que Biden \u00abha sido el campe\u00f3n hist\u00f3rico\u00bb contra las armas en Estados Unidos.<\/p>\n","protected":false},"excerpt":{"rendered":"<p>El embajador de Estados Unidos en M\u00e9xico, Ken Salazar, afirm\u00f3 este mi\u00e9rcoles que su Gobierno&#8230;<\/p>\n","protected":false},"author":1,"featured_media":12447,"comment_status":"open","ping_status":"closed","sticky":false,"template":"","format":"standard","meta":{"footnotes":""},"categories":[9],"tags":[],"class_list":["post-12445","post","type-post","status-publish","format-standard","has-post-thumbnail","hentry","category-politica"],"_links":{"self":[{"href":"https:\/\/sacramentoqr.com\/index.php?rest_route=\/wp\/v2\/posts\/12445","targetHints":{"allow":["GET"]}}],"collection":[{"href":"https:\/\/sacramentoqr.com\/index.php?rest_route=\/wp\/v2\/posts"}],"about":[{"href":"https:\/\/sacramentoqr.com\/index.php?rest_route=\/wp\/v2\/types\/post"}],"author":[{"embeddable":true,"href":"https:\/\/sacramentoqr.com\/index.php?rest_route=\/wp\/v2\/users\/1"}],"replies":[{"embeddable":true,"href":"https:\/\/sacramentoqr.com\/index.php?rest_route=%2Fwp%2Fv2%2Fcomments&post=12445"}],"version-history":[{"count":1,"href":"https:\/\/sacramentoqr.com\/index.php?rest_route=\/wp\/v2\/posts\/12445\/revisions"}],"predecessor-version":[{"id":12446,"href":"https:\/\/sacramentoqr.com\/index.php?rest_route=\/wp\/v2\/posts\/12445\/revisions\/12446"}],"wp:featuredmedia":[{"embeddable":true,"href":"https:\/\/sacramentoqr.com\/index.php?rest_route=\/wp\/v2\/media\/12447"}],"wp:attachment":[{"href":"https:\/\/sacramentoqr.com\/index.php?rest_route=%2Fwp%2Fv2%2Fmedia&parent=12445"}],"wp:term":[{"taxonomy":"category","embeddable":true,"href":"https:\/\/sacramentoqr.com\/index.php?rest_route=%2Fwp%2Fv2%2Fcategories&post=12445"},{"taxonomy":"post_tag","embeddable":true,"href":"https:\/\/sacramentoqr.com\/index.php?rest_route=%2Fwp%2Fv2%2Ftags&post=12445"}],"curies":[{"name":"wp","href":"https:\/\/api.w.org\/{rel}","templated":true}]}}