{"id":12632,"date":"2023-01-17T15:59:03","date_gmt":"2023-01-17T20:59:03","guid":{"rendered":"https:\/\/sacramentoqr.com\/?p=12632"},"modified":"2023-01-17T20:59:12","modified_gmt":"2023-01-17T20:59:12","slug":"mexico-perfila-medidas-de-proteccion-a-migrantes-y-solicitantes-de-asilo","status":"publish","type":"post","link":"https:\/\/sacramentoqr.com\/?p=12632","title":{"rendered":"M\u00e9xico perfila medidas de protecci\u00f3n a migrantes y solicitantes de asilo"},"content":{"rendered":"<p>La Secretar\u00eda de Relaciones Exteriores trat\u00f3 con representantes de organismos internacionales sobre medidas de protecci\u00f3n a personas migrantes y solicitantes de asilo en M\u00e9xico, inform\u00f3 hoy la canciller\u00eda.<\/p>\n<p>En una nota de prensa da cuenta de una reuni\u00f3n al respecto realizada la v\u00edspera en su sede en Ciudad de M\u00e9xico como respuesta a una reciente ampliaci\u00f3n de medidas migratorias del gobierno de Estados Unidos, incluido el otorgamiento de visas.<\/p>\n<p>La comunicaci\u00f3n se\u00f1ala que en el denominado Grupo de Trabajo sobre Acci\u00f3n Humanitaria participan agencias de Naciones Unidas y del Comit\u00e9 Internacional de las Cruz Roja.<\/p>\n<p>El jefe de Unidad para Am\u00e9rica del Norte, Roberto Velasco, encabez\u00f3 la reuni\u00f3n con representantes de la Agencia de Naciones Unidas para los Refugiados, el Fondo de las Naciones Unidas para las Infancias, la Organizaci\u00f3n Internacional para las Migraciones, y el Comit\u00e9 Internacional de la Cruz Roja, as\u00ed como los c\u00f3nsules de M\u00e9xico en la frontera con Estados Unidos.<\/p>\n<p>Velasco explic\u00f3 que la sesi\u00f3n tuvo como objetivo continuar trabajando de manera conjunta y coordinada para avanzar hacia flujos migratorios m\u00e1s seguros, ordenados y regulares en la regi\u00f3n.<\/p>\n<p>Particularmente, las autoridades y funcionarios internacionales conversaron sobre c\u00f3mo atender las necesidades de personas migrantes y solicitantes de asilo, a ra\u00edz de las recientes decisiones de los Estados Unidos en materia migratoria y otorgamiento de visas desde sus pa\u00edses.<\/p>\n<p>El diplom\u00e1tico mexicano agradeci\u00f3 el apoyo de los presentes y se\u00f1al\u00f3 que al igual que sucedi\u00f3 con Venezuela, el inter\u00e9s es garantizar alternativas para las personas migrantes, protecci\u00f3n internacional y ayudarles tanto en su proceso de aplicaci\u00f3n al nuevo sistema como para quienes deseen permanecer en M\u00e9xico o los que quieran regresar a sus pa\u00edses.<\/p>\n<p>El director general para Am\u00e9rica Latina, Mart\u00edn Borrego, destac\u00f3 el di\u00e1logo y la coordinaci\u00f3n con las embajadas de la regi\u00f3n en M\u00e9xico. Dijo que el grupo acord\u00f3 reforzar los puntos de contacto operativos para atender las necesidades y hacer m\u00e1s eficiente la implementaci\u00f3n in situ de pol\u00edticas de protecci\u00f3n a personas migrantes.<\/p>\n<p>El Gobierno de M\u00e9xico refrend\u00f3 su voluntad de di\u00e1logo y cooperaci\u00f3n con organismos internacionales para brindar la mejor atenci\u00f3n humanitaria posible a las personas en situaci\u00f3n de movilidad a lo largo del territorio nacional.<\/p>\n","protected":false},"excerpt":{"rendered":"<p>La Secretar\u00eda de Relaciones Exteriores trat\u00f3 con representantes de organismos internacionales sobre medidas de protecci\u00f3n&#8230;<\/p>\n","protected":false},"author":1,"featured_media":12634,"comment_status":"open","ping_status":"closed","sticky":false,"template":"","format":"standard","meta":{"footnotes":""},"categories":[9],"tags":[],"class_list":["post-12632","post","type-post","status-publish","format-standard","has-post-thumbnail","hentry","category-politica"],"_links":{"self":[{"href":"https:\/\/sacramentoqr.com\/index.php?rest_route=\/wp\/v2\/posts\/12632","targetHints":{"allow":["GET"]}}],"collection":[{"href":"https:\/\/sacramentoqr.com\/index.php?rest_route=\/wp\/v2\/posts"}],"about":[{"href":"https:\/\/sacramentoqr.com\/index.php?rest_route=\/wp\/v2\/types\/post"}],"author":[{"embeddable":true,"href":"https:\/\/sacramentoqr.com\/index.php?rest_route=\/wp\/v2\/users\/1"}],"replies":[{"embeddable":true,"href":"https:\/\/sacramentoqr.com\/index.php?rest_route=%2Fwp%2Fv2%2Fcomments&post=12632"}],"version-history":[{"count":1,"href":"https:\/\/sacramentoqr.com\/index.php?rest_route=\/wp\/v2\/posts\/12632\/revisions"}],"predecessor-version":[{"id":12633,"href":"https:\/\/sacramentoqr.com\/index.php?rest_route=\/wp\/v2\/posts\/12632\/revisions\/12633"}],"wp:featuredmedia":[{"embeddable":true,"href":"https:\/\/sacramentoqr.com\/index.php?rest_route=\/wp\/v2\/media\/12634"}],"wp:attachment":[{"href":"https:\/\/sacramentoqr.com\/index.php?rest_route=%2Fwp%2Fv2%2Fmedia&parent=12632"}],"wp:term":[{"taxonomy":"category","embeddable":true,"href":"https:\/\/sacramentoqr.com\/index.php?rest_route=%2Fwp%2Fv2%2Fcategories&post=12632"},{"taxonomy":"post_tag","embeddable":true,"href":"https:\/\/sacramentoqr.com\/index.php?rest_route=%2Fwp%2Fv2%2Ftags&post=12632"}],"curies":[{"name":"wp","href":"https:\/\/api.w.org\/{rel}","templated":true}]}}