{"id":1351,"date":"2020-09-08T13:59:36","date_gmt":"2020-09-08T13:59:36","guid":{"rendered":"http:\/\/alertarojaquintanaroo.com\/?p=1351"},"modified":"2020-09-08T13:59:36","modified_gmt":"2020-09-08T13:59:36","slug":"revelan-modus-operandi-de-banda-de-ladrones-colombianos-en-cancun","status":"publish","type":"post","link":"https:\/\/sacramentoqr.com\/?p=1351","title":{"rendered":"Revelan modus operandi de banda de ladrones colombianos en Canc\u00fan"},"content":{"rendered":"\n<p>Las investigaciones contra tres personas de nacionalidad colombiana, establecieron su presunta relaci\u00f3n en por lo menos ocho robos en domicilios de zonas residenciales, luego de la detenci\u00f3n que realizaron elementos de la Polic\u00eda Quintana Roo el pasado fin de semana en el \u00e1rea conocida como Pol\u00edgono Sur.<\/p>\n\n\n\n<p>En una entrevista radiof\u00f3nica, el Fiscal General del Estado, Oscar Montes de Oca Rosales confirm\u00f3 que las dos mujeres y un hombre obten\u00edan las tarjetas de acceso electr\u00f3nico de los conjuntos residenciales, para cometer los robos y que por lo pronto han sido relacionados en ocho denuncias.<\/p>\n\n\n\n<p>El Fiscal indic\u00f3 que cuentan con evidencia suficiente para conseguir una sentencia condenatoria contra estas personas, en un proceso que llevar\u00e1n privados de su libertad.<\/p>\n\n\n\n<p>Las tres personas originarias de Colombia, dijeron llamarse John Freddy M. B., de 37 a\u00f1os; Mar\u00eda C. B., de 35 a\u00f1os, de ocupaci\u00f3n manicurista y Jane B. C., de 42 a\u00f1os de edad, de ocupaci\u00f3n estilista, quienes tienen su domicilio en los condominios Luxury.<\/p>\n\n\n\n<p>Por su parte, el Secretario de Seguridad P\u00fablica, Alberto Capella Ibarra inform\u00f3 en sus redes sociales que la detenci\u00f3n se registr\u00f3 a las 20:00 horas del s\u00e1bado en la s\u00faper manzana 325.<\/p>\n\n\n\n<p>El reporte de los polic\u00edas indica que detectaron en la avenida Roble al conductor de un autom\u00f3vil, tipo Versa, de color gris, quien no respet\u00f3 la preferencia de circulaci\u00f3n de los veh\u00edculos en una glorieta y al momento de interceptarlo, descubrieron que ten\u00eda un cuchillo.<\/p>\n\n\n\n<p>En ese momento, dos mujeres llegaron al lugar en una camioneta, marca Mitsubishi, tipo Outlander y trataron de impedir la detenci\u00f3n, agrediendo verbalmente a los elementos, quienes procedieron a su detenci\u00f3n por los delitos de ultrajes a la autoridad y portaci\u00f3n de un arma prohibida.<\/p>\n\n\n\n<p>Alberto Capella mencion\u00f3 que ten\u00edan muchas quejas y denuncias por robos en fraccionamientos de clase media y en conjuntos residenciales.<\/p>\n\n\n\n<p>Dijo que las personas detenidas clonaban los dispositivos de acceso a diversos fraccionamientos y evad\u00edan las casetas de seguridad.<\/p>\n\n\n\n<p>En torno a las primeras investigaciones, el Fiscal General del Estado, Oscar Montes de Oca Rosales explic\u00f3 que estas personas aprovechaban la salida de alg\u00fan veh\u00edculo, normalmente de alguna persona del sexo femenino, que iba al mercado o al supermercado a abastecerse y en esos momentos aprovechaban para abrir los veh\u00edculos y robarse las tarjetas de control de acceso, conocidas como tags.<\/p>\n\n\n\n<p>Despu\u00e9s, colocaban esas tarjetas en veh\u00edculos que rentaban e ingresaban sin mayor problema a los fraccionamientos, vulnerando los filtros de seguridad privada que se encuentran en los accesos principales.<\/p>\n\n\n\n<p>Los presuntos responsables verificaban en qu\u00e9 viviendas no hab\u00eda nadie y entraban para sustraer diversos art\u00edculos.<\/p>\n\n\n\n<p>El Fiscal destac\u00f3 la colaboraci\u00f3n de las empresas de seguridad privada, as\u00ed como de la Secretar\u00eda de Seguridad P\u00fablica Estatal, para aportar datos de prueba que permiten establecer la relaci\u00f3n de los implicados con este tipo de robos.<\/p>\n","protected":false},"excerpt":{"rendered":"<p>Las investigaciones contra tres personas de nacionalidad colombiana, establecieron su presunta relaci\u00f3n en por lo&#8230;<\/p>\n","protected":false},"author":1,"featured_media":1352,"comment_status":"open","ping_status":"closed","sticky":false,"template":"","format":"standard","meta":{"footnotes":""},"categories":[8],"tags":[],"class_list":["post-1351","post","type-post","status-publish","format-standard","has-post-thumbnail","hentry","category-policia"],"_links":{"self":[{"href":"https:\/\/sacramentoqr.com\/index.php?rest_route=\/wp\/v2\/posts\/1351","targetHints":{"allow":["GET"]}}],"collection":[{"href":"https:\/\/sacramentoqr.com\/index.php?rest_route=\/wp\/v2\/posts"}],"about":[{"href":"https:\/\/sacramentoqr.com\/index.php?rest_route=\/wp\/v2\/types\/post"}],"author":[{"embeddable":true,"href":"https:\/\/sacramentoqr.com\/index.php?rest_route=\/wp\/v2\/users\/1"}],"replies":[{"embeddable":true,"href":"https:\/\/sacramentoqr.com\/index.php?rest_route=%2Fwp%2Fv2%2Fcomments&post=1351"}],"version-history":[{"count":0,"href":"https:\/\/sacramentoqr.com\/index.php?rest_route=\/wp\/v2\/posts\/1351\/revisions"}],"wp:featuredmedia":[{"embeddable":true,"href":"https:\/\/sacramentoqr.com\/index.php?rest_route=\/wp\/v2\/media\/1352"}],"wp:attachment":[{"href":"https:\/\/sacramentoqr.com\/index.php?rest_route=%2Fwp%2Fv2%2Fmedia&parent=1351"}],"wp:term":[{"taxonomy":"category","embeddable":true,"href":"https:\/\/sacramentoqr.com\/index.php?rest_route=%2Fwp%2Fv2%2Fcategories&post=1351"},{"taxonomy":"post_tag","embeddable":true,"href":"https:\/\/sacramentoqr.com\/index.php?rest_route=%2Fwp%2Fv2%2Ftags&post=1351"}],"curies":[{"name":"wp","href":"https:\/\/api.w.org\/{rel}","templated":true}]}}