{"id":13661,"date":"2023-02-16T15:18:41","date_gmt":"2023-02-16T20:18:41","guid":{"rendered":"https:\/\/sacramentoqr.com\/?p=13661"},"modified":"2023-02-16T20:18:49","modified_gmt":"2023-02-16T20:18:49","slug":"pib-de-mexico-crecera-3-este-ano-estima-hacienda","status":"publish","type":"post","link":"https:\/\/sacramentoqr.com\/?p=13661","title":{"rendered":"PIB de M\u00e9xico crecer\u00e1 3% este a\u00f1o, estima Hacienda"},"content":{"rendered":"<div class=\"row\">\n<div class=\"col-sm-xl-12 layout-section wrap-bottom\">\n<h4 class=\"primary-font__PrimaryFontStyles-o56yd5-0 heuGTu h4-primary sub-headline\" style=\"text-align: center;\">Esto ser\u00e1 posible por los fundamentos macroecon\u00f3micos s\u00f3lidos del pa\u00eds, afirma el titular de la SHCP, Ram\u00edrez de la O.<\/h4>\n<div class=\"default__StyledDiv-cj38t1-0 gCPfDm share-bar\">\n<p class=\"default__StyledText-xb1qmn-0 cgXrXK body-paragraph\">La<b>\u00a0<\/b><b>econom\u00eda mexicana<\/b><b>\u00a0<\/b>crecer\u00e1 a una tasa cercana al 3 por ciento en el presente a\u00f1o, ya que los<b>\u00a0fundamentos macroecon\u00f3micos s\u00f3lidos\u00a0<\/b>permiten avizorar que el pa\u00eds podr\u00e1 sortear con \u00e9xito el incierto panorama que se vive a nivel mundial, consider\u00f3\u00a0<b>Rogelio Ram\u00edrez de la O,\u00a0<\/b><b>secretario de Hacienda<\/b>.<\/p>\n<p class=\"default__StyledText-xb1qmn-0 cgXrXK body-paragraph\">\u201cEsperamos que en 2023, \u2014salvo una gran recesi\u00f3n mundial \u2014, nos estemos ubicando por arriba de nuestro rango, cercano al 3 por ciento\u201d, enfatiz\u00f3, durante la presentaci\u00f3n de los\u00a0<b>Programas de Financiamiento de Nafin<\/b><b>\u00a0y Bancomext<\/b>.<\/p>\n<p class=\"default__StyledText-xb1qmn-0 cgXrXK body-paragraph\">Destac\u00f3 que la demanda interna en el pa\u00eds contin\u00faa con un alto dinamismo, favorecida por el\u00a0<b>consumo<\/b><b>\u00a0y la inversi\u00f3n privada<\/b>, que aumentaron en noviembre a tasas de 2.6 por ciento y 5.3 por ciento, respectivamente.<\/p>\n<p class=\"default__StyledText-xb1qmn-0 cgXrXK body-paragraph\">\u201cLa inversi\u00f3n en particular, creciendo en estas tasas, est\u00e1 desafiando nuestra capacidad de entrega en varias\u00a0<b>industrias<\/b>\u00a0y esto es ya un aviso oportuno para las empresas que est\u00e1n operando en estas\u00a0<b>industrias<\/b>, de que ampl\u00eden su capacidad\u201d, dijo el funcionario.<\/p>\n<h2 class=\"heading__StyledHeading-sc-5jxglz-0 kSxoe\">Clima favorable<\/h2>\n<p class=\"default__StyledText-xb1qmn-0 cgXrXK body-paragraph\">Subray\u00f3 que el clima que hoy se respira en\u00a0<b>M\u00e9xico<\/b>, a pesar de los problemas, es mucho m\u00e1s positivo que el que se respira en\u00a0<b>Europa, en Jap\u00f3n o en Estados Unidos<\/b>. \u201cEnfrentamos problemas a nuestra escala, pero no fuera, no tenemos\u00a0<b>deuda<\/b>\u00a0como estos otros pa\u00edses, arriba del 100 por ciento del producto que est\u00e1 fuera de la escala, por lo menos de\u00a0<b>la fiscal<\/b>\u00a0de corto plazo\u201d.<\/p>\n<p class=\"default__StyledText-xb1qmn-0 cgXrXK body-paragraph\">El funcionario consider\u00f3 que ya no es tiempo de ensayos, sino de cambios en torno a objetivos concretos, por lo que se comprometi\u00f3 a revisar las\u00a0<b>pol\u00edticas p\u00fablicas<\/b>, para aprovechar el momento de oportunidad que no volver\u00e1 a repetirse, por la<b>\u00a0integraci\u00f3n comercial\u00a0<\/b>con\u00a0<b>Am\u00e9rica del Norte y el\u00a0<\/b><i><b>nearshoring<\/b><\/i>, lo cual es una realidad en marcha.<\/p>\n<div id=\"arcad-feature-5547\" class=\"default__StyledAdUnit-ijbiyl-0 dmQA-dM arcad-feature margin-md-bottom \">\n<div class=\"arcad-container\">\n<div id=\"lazy_4\">\n<div id=\"box_banner1\" class=\"arcad ad-300x250\" data-google-query-id=\"CNfkvpDsmv0CFQcZoQodeEsOvw\">\n<div id=\"google_ads_iframe_\/77835600\/ElFinanciero__economia\/box_banner1_0__container__\"><\/div>\n<\/div>\n<\/div>\n<\/div>\n<\/div>\n<h2 class=\"heading__StyledHeading-sc-5jxglz-0 kSxoe\">Alianza p\u00fablico-privada<\/h2>\n<p class=\"default__StyledText-xb1qmn-0 cgXrXK body-paragraph\">Ante los representantes del\u00a0<b>Consejo Coordinador Empresarial (CCE)<\/b>; de la\u00a0<b>Concamin<\/b>; de<b>\u00a0Caintra<\/b>; del<b>\u00a0Consejo Mexicano de Negocios<\/b>; de la\u00a0<b>Coparmex<\/b>; de la\u00a0<b>Concanaco<\/b>\u00a0y de la\u00a0<b>Asociaci\u00f3n de Banco de M\u00e9xico (ABM)<\/b>, el funcionario tambi\u00e9n exhort\u00f3 a los empresarios a revisar sus pol\u00edticas, para hacer una\u00a0<b>alianza p\u00fablico privada\u00a0<\/b>que mejore la econom\u00eda.<\/p>\n<p class=\"default__StyledText-xb1qmn-0 cgXrXK body-paragraph\">Enfatiz\u00f3 que el mensaje y el compromiso pol\u00edtico del\u00a0<b>presidente L\u00f3pez Obrador<\/b>\u00a0es abrir los espacios de di\u00e1logo y de las propuestas con los\u00a0<b>empresarios, con exportadores y representantes de c\u00e1maras industriales<\/b>\u00a0y de los\u00a0<b>intermediarios financieros<\/b>.\u201cEstamos en un momento clave para diversificar nuestra<b>\u00a0<\/b><b>industria<\/b><b>\u00a0<\/b>e incursionar en otras nuevas, para identificar sectores y regiones que de acuerdo con su vocaci\u00f3n puedan apoyar la<b>\u00a0proveedur\u00eda<\/b>\u00a0y activar con \u00e9xito la inversi\u00f3n privada\u201d, dijo Ram\u00edrez de la O.<\/p>\n<p class=\"default__StyledText-xb1qmn-0 cgXrXK body-paragraph\">\u201cEl<i>\u00a0<\/i><i><b>nearshoring<\/b><\/i><i>\u00a0<\/i>nos obliga a revisar nuestras\u00a0<b>pol\u00edticas p\u00fablicas<\/b>\u00a0y\u00a0<b>privadas\u00a0<\/b>a fin de potenciar nuestra\u00a0<b>capacidad de innovaci\u00f3n de generaci\u00f3n de tecnolog\u00eda de formaci\u00f3n<\/b>\u00a0y\u00a0<b>capacitaci\u00f3n de nuestros recursos humanos\u00a0<\/b>de ubicaci\u00f3n de nuevos\u00a0<b>parques industriales<\/b>\u00a0y de apoyo decisivo a las\u00a0<b>peque\u00f1as y medianas empresas<\/b>\u00a0dado el importante papel que desempe\u00f1an en nuestra econom\u00eda\u201d, reiter\u00f3.<\/p>\n<h2 class=\"heading__StyledHeading-sc-5jxglz-0 kSxoe\">Balance favorable en 2022<\/h2>\n<p class=\"default__StyledText-xb1qmn-0 cgXrXK body-paragraph\"><b>Ram\u00edrez de la O<\/b>\u00a0destac\u00f3 que en 2022 la\u00a0<b>actividad econ\u00f3mica<\/b>\u00a0avanz\u00f3 3.0 por ciento en t\u00e9rminos reales pese al incierto panorama global.<\/p>\n<p class=\"default__StyledText-xb1qmn-0 cgXrXK body-paragraph\">Expuso que la\u00a0<b>deuda p\u00fablica<\/b>\u00a0se ubic\u00f3 en 49.4 por ciento del PIB, un nivel menor respecto de lo que se presupuest\u00f3 y tambi\u00e9n del 2021, lo que fue posible gracias al buen<b>\u00a0desempe\u00f1o de los ingresos presupuestarios<\/b>, el\u00a0<b>combate a la corrupci\u00f3n<\/b><b>\u00a0<\/b>y la\u00a0<b>prudencia en el gasto<\/b>.<\/p>\n<p class=\"default__StyledText-xb1qmn-0 cgXrXK body-paragraph\">\u201cEs cierto que parte del\u00a0<b>incremento de los ingresos\u00a0<\/b>obedeci\u00f3 al ingreso petrolero extraordinario por el\u00a0<b>aumento de precio<\/b>, pero tambi\u00e9n es cierto que el grueso de este ingreso lo utilizamos para topar el\u00a0<b>incremento del precio de la gasolina<\/b>\u00a0en la estaci\u00f3n de gasolina, porque estamos convencidos que la\u00a0<b>gasolina<\/b>\u00a0aumentando m\u00e1s de un nivel razonable se convierte en un propulsor de<b>\u00a0inflaci\u00f3n<\/b>, de\u00a0<b>costos y de expectativas en las familias<\/b>, en angustia por el costo del\u00a0<b>transporte<\/b>\u00a0y este esfuerzo se hizo dentro del\u00a0<b>presupuesto<\/b>\u201d, abund\u00f3.<\/p>\n<p class=\"default__StyledText-xb1qmn-0 cgXrXK body-paragraph\">Resalt\u00f3 que el sistema financiero sigue s\u00f3lido, con\u00a0<b>niveles adecuados de capitalizaci\u00f3n y de morosidad<\/b>; en noviembre pasado el<b>\u00a0\u00edndice de capitalizaci\u00f3n de la banca<\/b>\u00a0se ubic\u00f3 en 19.0 4 por ciento y el \u00edndice de morosidad en 2.1 por ciento.<\/p>\n<p class=\"default__StyledText-xb1qmn-0 cgXrXK body-paragraph\">El titular de Hacienda recalc\u00f3 que hay recursos financieros para impulsar el\u00a0<b>cambio<\/b>, la integraci\u00f3n de cadenas de valor a trav\u00e9s del\u00a0<i><b>nearshoring<\/b><\/i>, pero tambi\u00e9n aprovechando la\u00a0<b>inclusi\u00f3n financiera<\/b>\u00a0y el apoyo a los proyectos prioritarios de la actual\u00a0<b>administraci\u00f3n gubernamental<\/b>, poniendo \u00e9nfasis en la\u00a0<b>proveedur\u00eda nacional\u00a0<\/b>y el impulso a las\u00a0<b>exportaciones.<\/b><\/p>\n<\/div>\n<\/div>\n<\/div>\n<div class=\"row\">\n<div class=\"col-sm-md-12 col-lg-xl-8 left-article-section ie-flex-100-percent-sm layout-section\"><\/div>\n<\/div>\n","protected":false},"excerpt":{"rendered":"<p>Esto ser\u00e1 posible por los fundamentos macroecon\u00f3micos s\u00f3lidos del pa\u00eds, afirma el titular de la&#8230;<\/p>\n","protected":false},"author":1,"featured_media":13663,"comment_status":"open","ping_status":"closed","sticky":false,"template":"","format":"standard","meta":{"footnotes":""},"categories":[7],"tags":[],"class_list":["post-13661","post","type-post","status-publish","format-standard","has-post-thumbnail","hentry","category-nacional"],"_links":{"self":[{"href":"https:\/\/sacramentoqr.com\/index.php?rest_route=\/wp\/v2\/posts\/13661","targetHints":{"allow":["GET"]}}],"collection":[{"href":"https:\/\/sacramentoqr.com\/index.php?rest_route=\/wp\/v2\/posts"}],"about":[{"href":"https:\/\/sacramentoqr.com\/index.php?rest_route=\/wp\/v2\/types\/post"}],"author":[{"embeddable":true,"href":"https:\/\/sacramentoqr.com\/index.php?rest_route=\/wp\/v2\/users\/1"}],"replies":[{"embeddable":true,"href":"https:\/\/sacramentoqr.com\/index.php?rest_route=%2Fwp%2Fv2%2Fcomments&post=13661"}],"version-history":[{"count":1,"href":"https:\/\/sacramentoqr.com\/index.php?rest_route=\/wp\/v2\/posts\/13661\/revisions"}],"predecessor-version":[{"id":13662,"href":"https:\/\/sacramentoqr.com\/index.php?rest_route=\/wp\/v2\/posts\/13661\/revisions\/13662"}],"wp:featuredmedia":[{"embeddable":true,"href":"https:\/\/sacramentoqr.com\/index.php?rest_route=\/wp\/v2\/media\/13663"}],"wp:attachment":[{"href":"https:\/\/sacramentoqr.com\/index.php?rest_route=%2Fwp%2Fv2%2Fmedia&parent=13661"}],"wp:term":[{"taxonomy":"category","embeddable":true,"href":"https:\/\/sacramentoqr.com\/index.php?rest_route=%2Fwp%2Fv2%2Fcategories&post=13661"},{"taxonomy":"post_tag","embeddable":true,"href":"https:\/\/sacramentoqr.com\/index.php?rest_route=%2Fwp%2Fv2%2Ftags&post=13661"}],"curies":[{"name":"wp","href":"https:\/\/api.w.org\/{rel}","templated":true}]}}