{"id":13800,"date":"2023-02-20T15:30:43","date_gmt":"2023-02-20T20:30:43","guid":{"rendered":"https:\/\/sacramentoqr.com\/?p=13800"},"modified":"2023-02-20T20:30:51","modified_gmt":"2023-02-20T20:30:51","slug":"presidente-de-mexico-no-quiere-entregar-la-presidencia-del-grupo-alianza-del-pacifico-a-peru","status":"publish","type":"post","link":"https:\/\/sacramentoqr.com\/?p=13800","title":{"rendered":"Presidente de M\u00e9xico no quiere entregar la presidencia del grupo Alianza del Pac\u00edfico a Per\u00fa"},"content":{"rendered":"<div class=\"intro m-t-md\">\n<p>El presidente de M\u00e9xico se niega a entregar la presidencia de la Alianza del Pac\u00edfico al gobierno del Per\u00fa porque dijo considerarlo \u00abespurio\u00bb y anticip\u00f3 que consultar\u00e1 con otros pa\u00edses miembros. Desde Ciudad de M\u00e9xico informa la corresponsal de la Voz de Am\u00e9rica, Sara Pablo.<\/p>\n<\/div>\n<p>&nbsp;<\/p>\n","protected":false},"excerpt":{"rendered":"<p>El presidente de M\u00e9xico se niega a entregar la presidencia de la Alianza del Pac\u00edfico&#8230;<\/p>\n","protected":false},"author":1,"featured_media":13802,"comment_status":"open","ping_status":"closed","sticky":false,"template":"","format":"standard","meta":{"footnotes":""},"categories":[9],"tags":[],"class_list":["post-13800","post","type-post","status-publish","format-standard","has-post-thumbnail","hentry","category-politica"],"_links":{"self":[{"href":"https:\/\/sacramentoqr.com\/index.php?rest_route=\/wp\/v2\/posts\/13800","targetHints":{"allow":["GET"]}}],"collection":[{"href":"https:\/\/sacramentoqr.com\/index.php?rest_route=\/wp\/v2\/posts"}],"about":[{"href":"https:\/\/sacramentoqr.com\/index.php?rest_route=\/wp\/v2\/types\/post"}],"author":[{"embeddable":true,"href":"https:\/\/sacramentoqr.com\/index.php?rest_route=\/wp\/v2\/users\/1"}],"replies":[{"embeddable":true,"href":"https:\/\/sacramentoqr.com\/index.php?rest_route=%2Fwp%2Fv2%2Fcomments&post=13800"}],"version-history":[{"count":1,"href":"https:\/\/sacramentoqr.com\/index.php?rest_route=\/wp\/v2\/posts\/13800\/revisions"}],"predecessor-version":[{"id":13801,"href":"https:\/\/sacramentoqr.com\/index.php?rest_route=\/wp\/v2\/posts\/13800\/revisions\/13801"}],"wp:featuredmedia":[{"embeddable":true,"href":"https:\/\/sacramentoqr.com\/index.php?rest_route=\/wp\/v2\/media\/13802"}],"wp:attachment":[{"href":"https:\/\/sacramentoqr.com\/index.php?rest_route=%2Fwp%2Fv2%2Fmedia&parent=13800"}],"wp:term":[{"taxonomy":"category","embeddable":true,"href":"https:\/\/sacramentoqr.com\/index.php?rest_route=%2Fwp%2Fv2%2Fcategories&post=13800"},{"taxonomy":"post_tag","embeddable":true,"href":"https:\/\/sacramentoqr.com\/index.php?rest_route=%2Fwp%2Fv2%2Ftags&post=13800"}],"curies":[{"name":"wp","href":"https:\/\/api.w.org\/{rel}","templated":true}]}}