{"id":14147,"date":"2023-02-26T18:45:59","date_gmt":"2023-02-26T23:45:59","guid":{"rendered":"https:\/\/sacramentoqr.com\/?p=14147"},"modified":"2023-03-01T02:32:00","modified_gmt":"2023-03-01T02:32:00","slug":"concluye-con-exito-el-2o-festival-gastronomico-del-caribe-mexicano","status":"publish","type":"post","link":"https:\/\/sacramentoqr.com\/?p=14147","title":{"rendered":"\ufeff*Concluye con \u00e9xito el 2\u00ba Festival Gastron\u00f3mico del Caribe Mexicano*"},"content":{"rendered":"<div dir=\"ltr\">\u2022 \u00a0 \u00a0La presidenta Lili Campos destaca que Solidaridad no solamente es sol y playa, sino tambi\u00e9n gastronom\u00eda<\/p>\n<p>Playa del Carmen, Solidaridad, 26 de febrero del 2023. \u2013 Concluy\u00f3 con \u00e9xito el Segundo Festival Gastron\u00f3mico del Caribe Mexicano, evento que tuvo respaldo de la presidenta Lili Campos y marco para impulsar la gastronom\u00eda de este municipio, ya que Solidaridad no es solamente un destino de sol y playa.<\/p>\n<p>Durante la clausura, la edil Lili Campos destac\u00f3 que este festival fue un evento exitoso para todo Quintana Roo. \u201cLos 11 municipios del estado hoy estamos concentrados en la Plaza 28 de Julio; el que tengamos tambi\u00e9n aqu\u00ed presentes a nuestras artesanas y productores es con la finalidad de que puedan hacer esa sinergia para impulsar la econom\u00eda local\u201d.<\/p>\n<p>A\u00f1adi\u00f3 Lili Campos que estos eventos se tienen que seguir realizando porque el \u00e9xito no lo declaran las autoridades, sino que se refleja con los asistentes que estuvieron en este Festival, ya que durante estos dos d\u00edas la plaza 28 de Julio luci\u00f3 repleta de habitantes as\u00ed como de visitantes nacionales y extranjeros, quienes degustaron platillos tales como paella maya, tacos de chaya, pescado tikin xic, tostadas de aguachile, ceviche tropical, entre otros, siendo la codorniz el ingrediente de este evento.<\/p>\n<p>Bernardo Cueto, secretario de Turismo de Quintana Roo, en su mensaje destac\u00f3 que este evento es importante para Solidaridad, pero tambi\u00e9n para el resto de los municipios del estado. \u201cEstamos convencidos de que este tipo de eventos generar\u00e1n una sinergia para los pr\u00f3ximos festivales gastron\u00f3micos que, de la mano de patrocinadores, seguiremos generando un gran \u00e9xito con la gastronom\u00eda de Quintana Roo\u00bb.<\/p><\/div>\n","protected":false},"excerpt":{"rendered":"<p>\u2022 \u00a0 \u00a0La presidenta Lili Campos destaca que Solidaridad no solamente es sol y playa,&#8230;<\/p>\n","protected":false},"author":1,"featured_media":14149,"comment_status":"open","ping_status":"closed","sticky":false,"template":"","format":"standard","meta":{"footnotes":""},"categories":[6],"tags":[],"class_list":["post-14147","post","type-post","status-publish","format-standard","has-post-thumbnail","hentry","category-local"],"_links":{"self":[{"href":"https:\/\/sacramentoqr.com\/index.php?rest_route=\/wp\/v2\/posts\/14147","targetHints":{"allow":["GET"]}}],"collection":[{"href":"https:\/\/sacramentoqr.com\/index.php?rest_route=\/wp\/v2\/posts"}],"about":[{"href":"https:\/\/sacramentoqr.com\/index.php?rest_route=\/wp\/v2\/types\/post"}],"author":[{"embeddable":true,"href":"https:\/\/sacramentoqr.com\/index.php?rest_route=\/wp\/v2\/users\/1"}],"replies":[{"embeddable":true,"href":"https:\/\/sacramentoqr.com\/index.php?rest_route=%2Fwp%2Fv2%2Fcomments&post=14147"}],"version-history":[{"count":1,"href":"https:\/\/sacramentoqr.com\/index.php?rest_route=\/wp\/v2\/posts\/14147\/revisions"}],"predecessor-version":[{"id":14148,"href":"https:\/\/sacramentoqr.com\/index.php?rest_route=\/wp\/v2\/posts\/14147\/revisions\/14148"}],"wp:featuredmedia":[{"embeddable":true,"href":"https:\/\/sacramentoqr.com\/index.php?rest_route=\/wp\/v2\/media\/14149"}],"wp:attachment":[{"href":"https:\/\/sacramentoqr.com\/index.php?rest_route=%2Fwp%2Fv2%2Fmedia&parent=14147"}],"wp:term":[{"taxonomy":"category","embeddable":true,"href":"https:\/\/sacramentoqr.com\/index.php?rest_route=%2Fwp%2Fv2%2Fcategories&post=14147"},{"taxonomy":"post_tag","embeddable":true,"href":"https:\/\/sacramentoqr.com\/index.php?rest_route=%2Fwp%2Fv2%2Ftags&post=14147"}],"curies":[{"name":"wp","href":"https:\/\/api.w.org\/{rel}","templated":true}]}}