{"id":14258,"date":"2023-03-04T10:06:17","date_gmt":"2023-03-04T15:06:17","guid":{"rendered":"https:\/\/sacramentoqr.com\/?p=14258"},"modified":"2023-03-04T15:06:18","modified_gmt":"2023-03-04T15:06:18","slug":"suspenden-los-cruces-en-ferry-entre-cozumel-y-playa-del-carmen-por-la-quotsuradaquot","status":"publish","type":"post","link":"https:\/\/sacramentoqr.com\/?p=14258","title":{"rendered":"Suspenden los cruces en ferry entre Cozumel y Playa del Carmen por la &amp;quot;surada&amp;quot;"},"content":{"rendered":"<p><strong class=\"bajada\">Las r\u00e1fagas de viento alcanzaron los 60 kil\u00f3metros por hora en la costa norte de Quintana Roo<\/strong><\/p>\n<div class=\"row\">\n<div class=\"col-md-1 col-sticky\">\n<div class=\"inner-share-bar cf\">\n<div class=\"item\">\n<p>Debido al mal tiempo, los cruces en ferry entre<strong>\u00a0Playa del Carmen y Cozumel<\/strong> fueron suspendidos esta tarde.<\/p>\n<p>Las dos empresas que ofrecen el servicio de traslado hacia y desde la isla emitieron sendos comunicados para informar la cancelaci\u00f3n de sus corridas \u00abhasta nuevo aviso\u00bb.<\/p>\n<p>Esta medida fue tomada por disposici\u00f3n de las\u00a0<strong>autoridades de la Administraci\u00f3n Portuaria Integral y de Protecci\u00f3n Civil de Quintana Roo<\/strong>\u00a0a causa de las condiciones climatol\u00f3gicas.<\/p>\n<h2>Cruces en ferry a Cozumel y Playa del Carmen<\/h2>\n<p>Tal como se pronostic\u00f3, las zonas costeras del norte de ese estado se vieron afectadas por un evento de \u00absurada\u00bb con vientos de 40 a 50 kil\u00f3metros por hora, con rachas de hasta 60 km\/h. Se esperaba que la fuerza de los vientos amainara durante la tarde y noche de hoy.<\/p>\n<p>Los viajes en ferry se suspendieron desde las cinco de la tarde. En un primer anuncio se dijo que se cancelar\u00edan todos los cruces programados para hoy; sin embargo, m\u00e1s tarde se inform\u00f3 que la empresa Winjet tendr\u00eda\u00a0una \u00fanica salida de Cozumel a Playa del Carmen a las 7 de la noche y otra de Playa del Carmen a Cozumel, a las 8.<\/p>\n<\/div>\n<\/div>\n<\/div>\n<\/div>\n","protected":false},"excerpt":{"rendered":"<p>Las r\u00e1fagas de viento alcanzaron los 60 kil\u00f3metros por hora en la costa norte de&#8230;<\/p>\n","protected":false},"author":1,"featured_media":14260,"comment_status":"open","ping_status":"closed","sticky":false,"template":"","format":"standard","meta":{"footnotes":""},"categories":[6],"tags":[],"class_list":["post-14258","post","type-post","status-publish","format-standard","has-post-thumbnail","hentry","category-local"],"_links":{"self":[{"href":"https:\/\/sacramentoqr.com\/index.php?rest_route=\/wp\/v2\/posts\/14258","targetHints":{"allow":["GET"]}}],"collection":[{"href":"https:\/\/sacramentoqr.com\/index.php?rest_route=\/wp\/v2\/posts"}],"about":[{"href":"https:\/\/sacramentoqr.com\/index.php?rest_route=\/wp\/v2\/types\/post"}],"author":[{"embeddable":true,"href":"https:\/\/sacramentoqr.com\/index.php?rest_route=\/wp\/v2\/users\/1"}],"replies":[{"embeddable":true,"href":"https:\/\/sacramentoqr.com\/index.php?rest_route=%2Fwp%2Fv2%2Fcomments&post=14258"}],"version-history":[{"count":1,"href":"https:\/\/sacramentoqr.com\/index.php?rest_route=\/wp\/v2\/posts\/14258\/revisions"}],"predecessor-version":[{"id":14259,"href":"https:\/\/sacramentoqr.com\/index.php?rest_route=\/wp\/v2\/posts\/14258\/revisions\/14259"}],"wp:featuredmedia":[{"embeddable":true,"href":"https:\/\/sacramentoqr.com\/index.php?rest_route=\/wp\/v2\/media\/14260"}],"wp:attachment":[{"href":"https:\/\/sacramentoqr.com\/index.php?rest_route=%2Fwp%2Fv2%2Fmedia&parent=14258"}],"wp:term":[{"taxonomy":"category","embeddable":true,"href":"https:\/\/sacramentoqr.com\/index.php?rest_route=%2Fwp%2Fv2%2Fcategories&post=14258"},{"taxonomy":"post_tag","embeddable":true,"href":"https:\/\/sacramentoqr.com\/index.php?rest_route=%2Fwp%2Fv2%2Ftags&post=14258"}],"curies":[{"name":"wp","href":"https:\/\/api.w.org\/{rel}","templated":true}]}}