{"id":14701,"date":"2023-03-17T19:15:06","date_gmt":"2023-03-18T00:15:06","guid":{"rendered":"https:\/\/sacramentoqr.com\/?p=14701"},"modified":"2023-03-18T00:15:07","modified_gmt":"2023-03-18T00:15:07","slug":"se-acerca-ana-patricia-al-legado-de-forjadores-y-pensionados-de-cancun","status":"publish","type":"post","link":"https:\/\/sacramentoqr.com\/?p=14701","title":{"rendered":"SE ACERCA ANA PATRICIA AL LEGADO DE FORJADORES Y PENSIONADOS DE CANC\u00daN"},"content":{"rendered":"<ul>\n<li>Hacer comunidad para llevar la ciudad al siguiente nivel de \u00e9xito, proponen<\/li>\n<\/ul>\n<p>&nbsp;<\/p>\n<ul>\n<li>La Presidenta Municipal comparti\u00f3 an\u00e9cdotas con los primeros habitantes de Canc\u00fan e invit\u00f3 a los fundadores a participar en las diferentes actividades que se tendr\u00e1n por el 53 Aniversario de la fundaci\u00f3n de la ciudad.<\/li>\n<\/ul>\n<p>&nbsp;<\/p>\n<p>Al asistir a un desayuno entre familias, primeros pobladores y pensionados en Canc\u00fan, la Presidenta Municipal Ana Patricia Peralta, reconoci\u00f3 a esos ciudadanos que contribuyeron al desarrollo de este polo tur\u00edstico y exhort\u00f3 a que compartan su legado a toda la poblaci\u00f3n, sobre todo a las nuevas generaciones de ni\u00f1as, ni\u00f1os y j\u00f3venes.<\/p>\n<p>&nbsp;<\/p>\n<p>\u201cUstedes han hecho much\u00edsimo por Canc\u00fan. Vamos a celebrar en un mes nuestro aniversario y todos tenemos que ser parte de esta organizaci\u00f3n. Yo les pido que sigan replicando este orgullo de cancunenses hacia muchas personas, que sean parte de la agenda y no solamente se quede en los eventos, sino lleve ese mensaje a las escuelas. Vayamos contagiando de nuestras historias a la juventud y a la ni\u00f1ez\u201d, resalt\u00f3.<\/p>\n<p>&nbsp;<\/p>\n<p>En la convivencia en la explanada del auditorio \u201cCecilio Chi\u201d con los integrantes de las asociaciones de Forjadores de Quintana Roo A.C. y Jubilados y Pensionados del Caribe A.C., la Primera Autoridad Municipal comparti\u00f3 su an\u00e9cdota personal de los motivos de sus abuelos y padres para decidir radicar desde a\u00f1os atr\u00e1s en este sitio vacacional, lo que les permiti\u00f3 crecer profesional y familiarmente.<\/p>\n<p>&nbsp;<\/p>\n<p>\u201cHay que trabajar para ir fortaleciendo porque creo firmemente que hay una gran identidad cancunense; por eso debemos seguirla transmitiendo y contagiando a todos las personas para lograr el lugar que todos queremos\u201d, indic\u00f3.<\/p>\n<p>&nbsp;<\/p>\n<p>En ese marco, anunci\u00f3 que como previo a los festejos del 53 Aniversario de la fundaci\u00f3n de Canc\u00fan y la labor permanente de rescate de espacios p\u00fablicos, se llevar\u00e1 a cabo el Festival de Arte P\u00fablico Canc\u00fan 2023 \u201c\u00a1Sue\u00f1a!\u201d, del 20 al 26 de marzo, que incluye la suma de voluntades para pintar murales en la zona fundacional y sitios ic\u00f3nicos como: Cine Blanquita, Calle He, avenida Nader, central de Bomberos y el auditorio Cecilio Chi, con 14 artistas urbanos.<\/p>\n<p>&nbsp;<\/p>\n<p>Carlos del Castillo \u00c1lvarez, director de la unidad de gesti\u00f3n administrativa del proyecto \u201cDistrito Canc\u00fan\u201d, explic\u00f3 que este tipo de encuentros permite compartir las historias del desarrollo de la ciudad e interactuar con los servidores p\u00fablicos municipales actuales, que en su mayor\u00eda son j\u00f3venes cancunenses que crecieron junto con esos lugares emblem\u00e1ticos.<\/p>\n<p>&nbsp;<\/p>\n<p>Acompa\u00f1aron a la Presidenta Municipal, las titulares de la asociaci\u00f3n Forjadores de Quintana Roo, Jessica Finkenthal, y de Jubilados y Pensionados del Caribe, Rosamar\u00eda Montoya, entre otros integrantes; as\u00ed como los directores de Gesti\u00f3n Social, Berenice Sosa Osorio y de Servicios P\u00fablicos, Antonio de la Torre Chambe.<\/p>\n","protected":false},"excerpt":{"rendered":"<p>Hacer comunidad para llevar la ciudad al siguiente nivel de \u00e9xito, proponen &nbsp; La Presidenta&#8230;<\/p>\n","protected":false},"author":1,"featured_media":14703,"comment_status":"open","ping_status":"closed","sticky":false,"template":"","format":"standard","meta":{"footnotes":""},"categories":[6],"tags":[],"class_list":["post-14701","post","type-post","status-publish","format-standard","has-post-thumbnail","hentry","category-local"],"_links":{"self":[{"href":"https:\/\/sacramentoqr.com\/index.php?rest_route=\/wp\/v2\/posts\/14701","targetHints":{"allow":["GET"]}}],"collection":[{"href":"https:\/\/sacramentoqr.com\/index.php?rest_route=\/wp\/v2\/posts"}],"about":[{"href":"https:\/\/sacramentoqr.com\/index.php?rest_route=\/wp\/v2\/types\/post"}],"author":[{"embeddable":true,"href":"https:\/\/sacramentoqr.com\/index.php?rest_route=\/wp\/v2\/users\/1"}],"replies":[{"embeddable":true,"href":"https:\/\/sacramentoqr.com\/index.php?rest_route=%2Fwp%2Fv2%2Fcomments&post=14701"}],"version-history":[{"count":1,"href":"https:\/\/sacramentoqr.com\/index.php?rest_route=\/wp\/v2\/posts\/14701\/revisions"}],"predecessor-version":[{"id":14702,"href":"https:\/\/sacramentoqr.com\/index.php?rest_route=\/wp\/v2\/posts\/14701\/revisions\/14702"}],"wp:featuredmedia":[{"embeddable":true,"href":"https:\/\/sacramentoqr.com\/index.php?rest_route=\/wp\/v2\/media\/14703"}],"wp:attachment":[{"href":"https:\/\/sacramentoqr.com\/index.php?rest_route=%2Fwp%2Fv2%2Fmedia&parent=14701"}],"wp:term":[{"taxonomy":"category","embeddable":true,"href":"https:\/\/sacramentoqr.com\/index.php?rest_route=%2Fwp%2Fv2%2Fcategories&post=14701"},{"taxonomy":"post_tag","embeddable":true,"href":"https:\/\/sacramentoqr.com\/index.php?rest_route=%2Fwp%2Fv2%2Ftags&post=14701"}],"curies":[{"name":"wp","href":"https:\/\/api.w.org\/{rel}","templated":true}]}}