{"id":14704,"date":"2023-03-17T19:16:09","date_gmt":"2023-03-18T00:16:09","guid":{"rendered":"https:\/\/sacramentoqr.com\/?p=14704"},"modified":"2023-03-18T00:16:10","modified_gmt":"2023-03-18T00:16:10","slug":"refuerza-gobierno-municipal-prevencion-de-violencia-en-cancun","status":"publish","type":"post","link":"https:\/\/sacramentoqr.com\/?p=14704","title":{"rendered":"REFUERZA GOBIERNO MUNICIPAL PREVENCI\u00d3N DE VIOLENCIA EN CANC\u00daN"},"content":{"rendered":"<ul>\n<li>Indispensable que las mujeres alcen la voz a trav\u00e9s de las denuncias para que reciban ayuda de las autoridades correspondientes<\/li>\n<\/ul>\n<p><strong>\u00a0<\/strong><\/p>\n<p>En el marco del D\u00eda Internacional de la Mujer, la Presidenta Municipal de Benito Ju\u00e1rez, Ana Patricia Peralta, particip\u00f3 en la pl\u00e1tica sobre \u201cViolencia de g\u00e9nero a trabajadores de empresas\u201d, cuyo objetivo es detectar las conductas a trav\u00e9s del violent\u00f3metro, la prevenci\u00f3n y el fomento a la cultura de la denuncia.<\/p>\n<p>&nbsp;<\/p>\n<p>\u201cSomos su apoyo y estamos para darles soluci\u00f3n, acompa\u00f1arlas en todos los sentidos, es mi obligaci\u00f3n como Presidenta y aparte como mujer, es mi compromiso dar esa atenci\u00f3n adecuada y que los casos no queden impunes\u201d, subray\u00f3 la Primera Edil, ante mujeres trabajadoras de una empresa rentadora de veh\u00edculos.<\/p>\n<p>&nbsp;<\/p>\n<p>Por su parte, la regidora de la Comisi\u00f3n de Seguridad P\u00fablica Preventiva y Tr\u00e1nsito, Alma Elena Reynoso Zambrano, reconoci\u00f3 que en la actualidad las mujeres siguen siendo v\u00edctimas de violencia desde el hogar, las calles y el trabajo, por lo que se implementar\u00e1n en las empresas el \u201cBuz\u00f3n Morado\u201d para que las ciudadanas que sufren acoso laboral, hagan llegar an\u00f3nimamente su inquietud para darle el seguimiento al caso.<\/p>\n<p>&nbsp;<\/p>\n<p>La pl\u00e1tica fue impartida por personal del Grupo Especializado en Atenci\u00f3n a la Violencia Familiar y de G\u00e9nero (Geavig), a cargo de la directora, Adela Jim\u00e9nez Izquierdo, para informar los hechos basados en prejuicios y discriminaci\u00f3n que sufren las mujeres por raz\u00f3n de g\u00e9nero.<\/p>\n<p>&nbsp;<\/p>\n<p>Adem\u00e1s de contribuir en la eliminaci\u00f3n, incentivando la confianza y empoderamiento para lograr un cambio y motivar una mayor participaci\u00f3n entre las cancunenses en alianza con otras mujeres que necesiten ayuda.<\/p>\n","protected":false},"excerpt":{"rendered":"<p>Indispensable que las mujeres alcen la voz a trav\u00e9s de las denuncias para que reciban&#8230;<\/p>\n","protected":false},"author":1,"featured_media":14706,"comment_status":"open","ping_status":"closed","sticky":false,"template":"","format":"standard","meta":{"footnotes":""},"categories":[6],"tags":[],"class_list":["post-14704","post","type-post","status-publish","format-standard","has-post-thumbnail","hentry","category-local"],"_links":{"self":[{"href":"https:\/\/sacramentoqr.com\/index.php?rest_route=\/wp\/v2\/posts\/14704","targetHints":{"allow":["GET"]}}],"collection":[{"href":"https:\/\/sacramentoqr.com\/index.php?rest_route=\/wp\/v2\/posts"}],"about":[{"href":"https:\/\/sacramentoqr.com\/index.php?rest_route=\/wp\/v2\/types\/post"}],"author":[{"embeddable":true,"href":"https:\/\/sacramentoqr.com\/index.php?rest_route=\/wp\/v2\/users\/1"}],"replies":[{"embeddable":true,"href":"https:\/\/sacramentoqr.com\/index.php?rest_route=%2Fwp%2Fv2%2Fcomments&post=14704"}],"version-history":[{"count":1,"href":"https:\/\/sacramentoqr.com\/index.php?rest_route=\/wp\/v2\/posts\/14704\/revisions"}],"predecessor-version":[{"id":14705,"href":"https:\/\/sacramentoqr.com\/index.php?rest_route=\/wp\/v2\/posts\/14704\/revisions\/14705"}],"wp:featuredmedia":[{"embeddable":true,"href":"https:\/\/sacramentoqr.com\/index.php?rest_route=\/wp\/v2\/media\/14706"}],"wp:attachment":[{"href":"https:\/\/sacramentoqr.com\/index.php?rest_route=%2Fwp%2Fv2%2Fmedia&parent=14704"}],"wp:term":[{"taxonomy":"category","embeddable":true,"href":"https:\/\/sacramentoqr.com\/index.php?rest_route=%2Fwp%2Fv2%2Fcategories&post=14704"},{"taxonomy":"post_tag","embeddable":true,"href":"https:\/\/sacramentoqr.com\/index.php?rest_route=%2Fwp%2Fv2%2Ftags&post=14704"}],"curies":[{"name":"wp","href":"https:\/\/api.w.org\/{rel}","templated":true}]}}