{"id":14746,"date":"2023-03-18T12:14:07","date_gmt":"2023-03-18T17:14:07","guid":{"rendered":"https:\/\/sacramentoqr.com\/?p=14746"},"modified":"2023-03-18T17:14:09","modified_gmt":"2023-03-18T17:14:09","slug":"la-estacion-de-cancun-sera-la-mas-grande-del-tren-maya","status":"publish","type":"post","link":"https:\/\/sacramentoqr.com\/?p=14746","title":{"rendered":"La estaci\u00f3n de Canc\u00fan ser\u00e1 la m\u00e1s grande del Tren Maya"},"content":{"rendered":"<p>La estaci\u00f3n del Tren Maya en Canc\u00fan ser\u00e1 la m\u00e1s grande del proyecto ferroviario que unir\u00e1 destinos tur\u00edsticos y sitios arqueol\u00f3gicos del sureste de M\u00e9xico, informaron los responsables del tramo 4 durante una reuni\u00f3n y recorrido de supervisi\u00f3n de los trabajos de construcci\u00f3n.<\/p>\n<p>En Canc\u00fan confluyen dos trazos: el 4, que conectar\u00e1 a Canc\u00fan con Izamal, en el estado de Yucat\u00e1n, y el 5, que va de esta ciudad a Playa del Carmen, en el estado de Quintana Roo. La estaci\u00f3n se encontrar\u00e1 conectada al Aeropuerto Internacional de Canc\u00fan, y ser\u00e1 la m\u00e1s grande pues contar\u00e1 con 10 andenes, ofreciendo una gran conectividad a los viajeros.<\/p>\n<p>Durante la exposici\u00f3n, los responsables del tramo 4 informaron que para este proyecto se realiza un trabajo marat\u00f3nico, avanzando en tiempo para concluir a finales de este a\u00f1o, adem\u00e1s de generar un beneficio econ\u00f3mico para la regi\u00f3n al contemplar en su plantilla laboral a trabajadores de la zona.<\/p>\n<p>En materia de seguridad, explicaron que de acuerdo con estudios del Centro Nacional de Prevenci\u00f3n de Desastres (Cenapred), los trenes que se utilizar\u00e1n podr\u00e1n resistir vientos de un hurac\u00e1n categor\u00eda 5, permitiendo trasladar a ciudadanos y visitantes a estaciones cercanas.<\/p>\n<p>Asimismo, mencionaron que en el tramo 4, que conectar\u00e1 a Canc\u00fan con Izamal en aproximadamente 43.3 kil\u00f3metros de v\u00eda, se proyecta la aplicaci\u00f3n de 12 programas ambientales para mitigar el impacto en la zona, considerando tener el primer vivero en Canc\u00fan y posteriormente uno en cada estaci\u00f3n, de tal manera que se logre reubicar la flora retirada para la construcci\u00f3n del tren.<\/p>\n<p>En la exposici\u00f3n de avances del proyecto participaron el gerente del tramo 4 por Fonatur, Gonzalo Abad Fr\u00edas; la encargada de la Gerencia de Sustentabilidad y Ambiente del Tramo 4, Victoria Freyssinier; el representante de la empresa ICA, Raymundo Apodaca; y el director de Protecci\u00f3n Civil, Antonio Riveroll.<\/p>\n","protected":false},"excerpt":{"rendered":"<p>La estaci\u00f3n del Tren Maya en Canc\u00fan ser\u00e1 la m\u00e1s grande del proyecto ferroviario que&#8230;<\/p>\n","protected":false},"author":1,"featured_media":14748,"comment_status":"open","ping_status":"closed","sticky":false,"template":"","format":"standard","meta":{"footnotes":""},"categories":[6],"tags":[],"class_list":["post-14746","post","type-post","status-publish","format-standard","has-post-thumbnail","hentry","category-local"],"_links":{"self":[{"href":"https:\/\/sacramentoqr.com\/index.php?rest_route=\/wp\/v2\/posts\/14746","targetHints":{"allow":["GET"]}}],"collection":[{"href":"https:\/\/sacramentoqr.com\/index.php?rest_route=\/wp\/v2\/posts"}],"about":[{"href":"https:\/\/sacramentoqr.com\/index.php?rest_route=\/wp\/v2\/types\/post"}],"author":[{"embeddable":true,"href":"https:\/\/sacramentoqr.com\/index.php?rest_route=\/wp\/v2\/users\/1"}],"replies":[{"embeddable":true,"href":"https:\/\/sacramentoqr.com\/index.php?rest_route=%2Fwp%2Fv2%2Fcomments&post=14746"}],"version-history":[{"count":1,"href":"https:\/\/sacramentoqr.com\/index.php?rest_route=\/wp\/v2\/posts\/14746\/revisions"}],"predecessor-version":[{"id":14747,"href":"https:\/\/sacramentoqr.com\/index.php?rest_route=\/wp\/v2\/posts\/14746\/revisions\/14747"}],"wp:featuredmedia":[{"embeddable":true,"href":"https:\/\/sacramentoqr.com\/index.php?rest_route=\/wp\/v2\/media\/14748"}],"wp:attachment":[{"href":"https:\/\/sacramentoqr.com\/index.php?rest_route=%2Fwp%2Fv2%2Fmedia&parent=14746"}],"wp:term":[{"taxonomy":"category","embeddable":true,"href":"https:\/\/sacramentoqr.com\/index.php?rest_route=%2Fwp%2Fv2%2Fcategories&post=14746"},{"taxonomy":"post_tag","embeddable":true,"href":"https:\/\/sacramentoqr.com\/index.php?rest_route=%2Fwp%2Fv2%2Ftags&post=14746"}],"curies":[{"name":"wp","href":"https:\/\/api.w.org\/{rel}","templated":true}]}}