{"id":14813,"date":"2023-03-21T08:30:54","date_gmt":"2023-03-21T13:30:54","guid":{"rendered":"https:\/\/sacramentoqr.com\/?p=14813"},"modified":"2023-03-21T05:36:49","modified_gmt":"2023-03-21T05:36:49","slug":"murio-el-actor-de-cine-alfredo-quotpelonquot-solares-a-los-88-anos","status":"publish","type":"post","link":"https:\/\/sacramentoqr.com\/?p=14813","title":{"rendered":"Muri\u00f3 el actor de cine, Alfredo &amp;quot;Pel\u00f3n&amp;quot; Solares, a los 88 a\u00f1os"},"content":{"rendered":"<p>Muri\u00f3 el actor de cine de ficheras, Alfredo \u2018Pel\u00f2n\u2019 Solares, a los 88 a\u00f1os. La Asociaci\u00f3n Nacional de Actores (ANDA) confirm\u00f3 la noticia mediante sus redes sociales.<\/p>\n<p>\u201cLa Asociaci\u00f3n Nacional de Actores lamenta profundamente el fallecimiento de nuestro Compa\u00f1ero Alfredo Solares \u201cPel\u00f3n Solares\u201d. Nuestras condolencias a sus familiares amigos y compa\u00f1eros. Descanse en paz\u201d, fue el mensaje en Twitter de la ANDA.<\/p>\n<p>Alfredo Solares particip\u00f3 en pel\u00edculas que formaron parte fundamental para el cine de ficheras, en las que destacan \u201cLa pulquer\u00eda\u201d, \u201cUna gallina muy ponedora\u201d, y \u201cEl mofles y los mec\u00e1nicos\u201d, tambi\u00e9n gan\u00f3 el Premio Ariel en 1990 por su actuaci\u00f3n en \u201cEl homicida\u201d.<\/p>\n<p>El Pel\u00f2n Solares hab\u00eda estado sufriendo varias complicaciones en sus ri\u00f1ones, aunque se confirm\u00f3 que muri\u00f3 por c\u00e1ncer de pulm\u00f3n tras haber superado tres cirug\u00edas en los \u00faltimos a\u00f1os.<\/p>\n","protected":false},"excerpt":{"rendered":"<p>Muri\u00f3 el actor de cine de ficheras, Alfredo \u2018Pel\u00f2n\u2019 Solares, a los 88 a\u00f1os. La&#8230;<\/p>\n","protected":false},"author":1,"featured_media":14815,"comment_status":"open","ping_status":"closed","sticky":false,"template":"","format":"standard","meta":{"footnotes":""},"categories":[4],"tags":[],"class_list":["post-14813","post","type-post","status-publish","format-standard","has-post-thumbnail","hentry","category-espectaculos"],"_links":{"self":[{"href":"https:\/\/sacramentoqr.com\/index.php?rest_route=\/wp\/v2\/posts\/14813","targetHints":{"allow":["GET"]}}],"collection":[{"href":"https:\/\/sacramentoqr.com\/index.php?rest_route=\/wp\/v2\/posts"}],"about":[{"href":"https:\/\/sacramentoqr.com\/index.php?rest_route=\/wp\/v2\/types\/post"}],"author":[{"embeddable":true,"href":"https:\/\/sacramentoqr.com\/index.php?rest_route=\/wp\/v2\/users\/1"}],"replies":[{"embeddable":true,"href":"https:\/\/sacramentoqr.com\/index.php?rest_route=%2Fwp%2Fv2%2Fcomments&post=14813"}],"version-history":[{"count":1,"href":"https:\/\/sacramentoqr.com\/index.php?rest_route=\/wp\/v2\/posts\/14813\/revisions"}],"predecessor-version":[{"id":14814,"href":"https:\/\/sacramentoqr.com\/index.php?rest_route=\/wp\/v2\/posts\/14813\/revisions\/14814"}],"wp:featuredmedia":[{"embeddable":true,"href":"https:\/\/sacramentoqr.com\/index.php?rest_route=\/wp\/v2\/media\/14815"}],"wp:attachment":[{"href":"https:\/\/sacramentoqr.com\/index.php?rest_route=%2Fwp%2Fv2%2Fmedia&parent=14813"}],"wp:term":[{"taxonomy":"category","embeddable":true,"href":"https:\/\/sacramentoqr.com\/index.php?rest_route=%2Fwp%2Fv2%2Fcategories&post=14813"},{"taxonomy":"post_tag","embeddable":true,"href":"https:\/\/sacramentoqr.com\/index.php?rest_route=%2Fwp%2Fv2%2Ftags&post=14813"}],"curies":[{"name":"wp","href":"https:\/\/api.w.org\/{rel}","templated":true}]}}