{"id":15634,"date":"2023-04-15T11:00:57","date_gmt":"2023-04-15T16:00:57","guid":{"rendered":"https:\/\/sacramentoqr.com\/?p=15634"},"modified":"2023-04-15T16:01:05","modified_gmt":"2023-04-15T16:01:05","slug":"que-es-eso-casa-invertida-en-el-estado-de-mexico-se-vuelve-viral","status":"publish","type":"post","link":"https:\/\/sacramentoqr.com\/?p=15634","title":{"rendered":"\u201c\u00a1Qu\u00e9 es eso!\u201d: casa invertida en el Estado de M\u00e9xico se vuelve viral"},"content":{"rendered":"<h4 class=\"d23-article-subheadline left \" style=\"text-align: center;\">La publicaci\u00f3n ha dividido opiniones entre los internautas, pues algunos se\u00f1alan que este tipo de construcci\u00f3n podr\u00eda ocasionar una desgracia en la zona en caso de un derrumbe<\/h4>\n<div class=\"d23-byline\">\n<p class=\"paragraph\" data-mrf-recirculation=\"Links inline\">El telef\u00e9rico implementado en parte de la\u00a0<b>Ciudad de M\u00e9xico y el Estado de M\u00e9xico<\/b>\u00a0ha sido sin\u00f3nimo de desarrollo y movilidad para los millones de mexicanos que se mueven de un punto a otro hasta la periferia. En el recorrido que tiene este tipo de transporte se puede ver el paisaje, muchas veces dejando grandes panor\u00e1micas para el recuerdo.<\/p>\n<p class=\"paragraph\" data-mrf-recirculation=\"Links inline\">Sin embargo, tambi\u00e9n en estos recorridos puedes quedar asombrado por el ingenio de la gente que va debajo o por algunas construcciones que se ven en el camino.\u00a0<b>En esta ocasi\u00f3n, un inmueble ubicado en la zona de Ecatepec se volvi\u00f3 viral por su peculiar forma de pir\u00e1mide invertida.<\/b><\/p>\n<div class=\"inline ad-wrapper\">\n<div class=\"dfpAd ad-inline\"><\/div>\n<\/div>\n<p class=\"paragraph\" data-mrf-recirculation=\"Links inline\">A trav\u00e9s de\u00a0<i>TikTok<\/i>, una usuaria identificada como Karen Le\u00f3n comparti\u00f3 un video mientras se encontraba de viaje en el\u00a0<b>Mexicable;\u00a0<\/b>en el clip exhibe\u00a0<b>una casa invertida, la cual se ha robado la atenci\u00f3n de los miles de internautas de la plataforma por su peculiar estructura.<\/b><\/p>\n<p class=\"paragraph\" data-mrf-recirculation=\"Links inline\">De acuerdo con diversos comentarios recuperados en el material audiovisual, el edificio de al parecer cuatro niveles en realidad\u00a0<b>no es una casa invertida, pues se tratar\u00eda de un sal\u00f3n para eventos<\/b>, del que se ha detallado, se ubica en una zona denominada como\u00a0<b>Cerro de la Mesa<\/b>.<\/p>\n<div class=\"d23-recommended-card__info\">\n<p class=\"paragraph\" data-mrf-recirculation=\"Links inline\">El usuario que hizo estos se\u00f1alamientos en la caja de comentarios asegur\u00f3 que este inmueble tiene unos 20 a\u00f1os de antig\u00fcedad, adem\u00e1s de que, agreg\u00f3,\u00a0<b>el due\u00f1o ser\u00eda un<\/b>\u00a0<b>arquitecto<\/b>. Hasta el momento, el video en donde se muestra la curiosa construcci\u00f3n invertida en Ecatepec tiene m\u00e1s de 16 mil \u201cme gusta\u201d y ha sido compartido m\u00e1s de mil veces.<\/p>\n<p class=\"paragraph\" data-mrf-recirculation=\"Links inline\">La publicaci\u00f3n viral ha dividido opiniones entre los internautas, pues algunos se\u00f1alan que este tipo de construcciones podr\u00eda ocasionar una desgracia en la zona en caso de un derrumbe: \u201cLuego cuando se cae quieren compensaci\u00f3n del gobierno\u201d. \u201cPir\u00e1mide invertida, ni los mayas y egipcios se atrevieron a tanto\u201d. \u201cNunca falta la gente que no respeta las normas de construcci\u00f3n y autoridades que tampoco la hacen cumplir y a la hora del desastre no hay responsables\u201d, indicaron.<\/p>\n<p class=\"paragraph\" data-mrf-recirculation=\"Links inline\">En las demarcaciones aleda\u00f1as a la Ciudad de M\u00e9xico, como lo son Ecatepec, Naucalpan o Nezahualc\u00f3yotl, por decir algunos, es com\u00fan el ver este tipo de construcciones, las cuales muchas veces no tienen los permisos por parte del Gobierno del Estado de M\u00e9xico.<\/p>\n<h2 class=\"header d23-headline-class-h2\">Ecatepec, una de las demarcaciones de M\u00e9xico y Latinoam\u00e9rica<\/h2>\n<p class=\"paragraph\" data-mrf-recirculation=\"Links inline\"><b>Ecatepec de Morelos<\/b>\u00a0forma parte de los 125 municipios que se encuentran en el\u00a0<b>Estado de M\u00e9xico<\/b>\u00a0y es uno de los lugares m\u00e1s conocidos de la regi\u00f3n. La demarcaci\u00f3n ubicada en la entidad mexiquense es una de las m\u00e1s grandes y pobladas dentro de la Zona Metropolitana del Valle de M\u00e9xico, as\u00ed como del pa\u00eds.<\/p>\n<p class=\"paragraph\" data-mrf-recirculation=\"Links inline\">Hasta 2020, la poblaci\u00f3n en Ecatepec de Morelos fue de 1,645,352 habitantes (48.5% hombres y 51.5% mujeres) coloc\u00e1ndolo como el segundo municipio m\u00e1s poblado de M\u00e9xico, seg\u00fan datos del censo de poblaci\u00f3n. Asimismo, es uno de los municipios con una de las zonas m\u00e1s pobladas de Am\u00e9rica Latina por sus 1.6 millones de residentes.<\/p>\n<p class=\"paragraph\" data-mrf-recirculation=\"Links inline\">La demarcaci\u00f3n tambi\u00e9n es un importante centro econ\u00f3mico, comercial e industrial de la regi\u00f3n. Sin embargo, tambi\u00e9n es conocido por tener altos niveles de delincuencia y pobreza, as\u00ed como por problemas de urbanizaci\u00f3n, como la falta de servicios b\u00e1sicos y el transporte p\u00fablico deficiente.<\/p>\n<p class=\"paragraph\" data-mrf-recirculation=\"Links inline\">En el estudio \u201cLas ciudades m\u00e1s habitables de M\u00e9xico\u201d, la demarcaci\u00f3n mexiquense es uno de los peores lugares para vivir, de acuerdo con el\u00a0<b>Gabinete de Comunicaci\u00f3n Estrat\u00e9gica<\/b>. Este mide en una escala del 0 al 100 el \u00cdndice de calidad de vida (\u00cdncav), \u00cdndice de satisfacci\u00f3n con los servicios (\u00cdsacs) e \u00cdndice de satisfacci\u00f3n con el desempe\u00f1o de alcaldes (\u00cddealc).<\/p>\n<p class=\"paragraph\" data-mrf-recirculation=\"Links inline\"><b>El municipio mexiquense fue el peor calificado en cuanto a calidad de vida, al conseguir una calificaci\u00f3n de 48.8 puntos<\/b>. Seg\u00fan este \u00edndice, Ecatepec tiene carencias en cuanto a vivienda, infraestructura educativa, movilidad, limpieza del aire, seguridad p\u00fablica y empleo.<\/p>\n<\/div>\n<\/div>\n","protected":false},"excerpt":{"rendered":"<p>La publicaci\u00f3n ha dividido opiniones entre los internautas, pues algunos se\u00f1alan que este tipo de&#8230;<\/p>\n","protected":false},"author":1,"featured_media":15636,"comment_status":"open","ping_status":"closed","sticky":false,"template":"","format":"standard","meta":{"footnotes":""},"categories":[7],"tags":[],"class_list":["post-15634","post","type-post","status-publish","format-standard","has-post-thumbnail","hentry","category-nacional"],"_links":{"self":[{"href":"https:\/\/sacramentoqr.com\/index.php?rest_route=\/wp\/v2\/posts\/15634","targetHints":{"allow":["GET"]}}],"collection":[{"href":"https:\/\/sacramentoqr.com\/index.php?rest_route=\/wp\/v2\/posts"}],"about":[{"href":"https:\/\/sacramentoqr.com\/index.php?rest_route=\/wp\/v2\/types\/post"}],"author":[{"embeddable":true,"href":"https:\/\/sacramentoqr.com\/index.php?rest_route=\/wp\/v2\/users\/1"}],"replies":[{"embeddable":true,"href":"https:\/\/sacramentoqr.com\/index.php?rest_route=%2Fwp%2Fv2%2Fcomments&post=15634"}],"version-history":[{"count":1,"href":"https:\/\/sacramentoqr.com\/index.php?rest_route=\/wp\/v2\/posts\/15634\/revisions"}],"predecessor-version":[{"id":15635,"href":"https:\/\/sacramentoqr.com\/index.php?rest_route=\/wp\/v2\/posts\/15634\/revisions\/15635"}],"wp:featuredmedia":[{"embeddable":true,"href":"https:\/\/sacramentoqr.com\/index.php?rest_route=\/wp\/v2\/media\/15636"}],"wp:attachment":[{"href":"https:\/\/sacramentoqr.com\/index.php?rest_route=%2Fwp%2Fv2%2Fmedia&parent=15634"}],"wp:term":[{"taxonomy":"category","embeddable":true,"href":"https:\/\/sacramentoqr.com\/index.php?rest_route=%2Fwp%2Fv2%2Fcategories&post=15634"},{"taxonomy":"post_tag","embeddable":true,"href":"https:\/\/sacramentoqr.com\/index.php?rest_route=%2Fwp%2Fv2%2Ftags&post=15634"}],"curies":[{"name":"wp","href":"https:\/\/api.w.org\/{rel}","templated":true}]}}