{"id":15726,"date":"2023-04-19T00:47:12","date_gmt":"2023-04-19T05:47:12","guid":{"rendered":"https:\/\/sacramentoqr.com\/?p=15726"},"modified":"2023-04-19T05:47:34","modified_gmt":"2023-04-19T05:47:34","slug":"neymar-jr-anuncia-que-sera-papa","status":"publish","type":"post","link":"https:\/\/sacramentoqr.com\/?p=15726","title":{"rendered":"Neymar Jr. anuncia que ser\u00e1 pap\u00e1"},"content":{"rendered":"<p>Neymar y su pareja Bruna Biancardi dieron a conocer en sus redes sociales que ser\u00e1n padres tras el embarazo que tienen.<\/p>\n<p>El futbolista brasile\u00f1o del PSG ser\u00e1 pap\u00e1 por primera vez y esto llenara de luz la vida de ambos padres, quienes se mostraron emocionados en las fotos que compartieron en sus cuentas oficiales.<\/p>\n<p>\u00abSo\u00f1amos con tu vida, planeamos tu llegada y saber que est\u00e1s aqu\u00ed para completar nuestro amor, hace nuestros d\u00edas mucho m\u00e1s felices. Llegar\u00e1s en una hermosa familia, con tu hermano, abuelos, t\u00edos y t\u00edas que ya te quieren mucho! Ven pronto hijo, te esperamos! Antes de formarte en el vientre yo te eleg\u00ed; antes de que nacieras yo te separ\u00e9\u201d, escribieron ambos en sus redes sociales.<\/p>\n<p>El jugador parisino se mostr\u00f3 muy emocionado con la llegada de su nuevo beb\u00e9 y ahora vivir\u00e1 una nueva fase de su vida.<\/p>\n","protected":false},"excerpt":{"rendered":"<p>Neymar y su pareja Bruna Biancardi dieron a conocer en sus redes sociales que ser\u00e1n&#8230;<\/p>\n","protected":false},"author":1,"featured_media":15728,"comment_status":"open","ping_status":"closed","sticky":false,"template":"","format":"standard","meta":{"footnotes":""},"categories":[3],"tags":[],"class_list":["post-15726","post","type-post","status-publish","format-standard","has-post-thumbnail","hentry","category-deportes"],"_links":{"self":[{"href":"https:\/\/sacramentoqr.com\/index.php?rest_route=\/wp\/v2\/posts\/15726","targetHints":{"allow":["GET"]}}],"collection":[{"href":"https:\/\/sacramentoqr.com\/index.php?rest_route=\/wp\/v2\/posts"}],"about":[{"href":"https:\/\/sacramentoqr.com\/index.php?rest_route=\/wp\/v2\/types\/post"}],"author":[{"embeddable":true,"href":"https:\/\/sacramentoqr.com\/index.php?rest_route=\/wp\/v2\/users\/1"}],"replies":[{"embeddable":true,"href":"https:\/\/sacramentoqr.com\/index.php?rest_route=%2Fwp%2Fv2%2Fcomments&post=15726"}],"version-history":[{"count":1,"href":"https:\/\/sacramentoqr.com\/index.php?rest_route=\/wp\/v2\/posts\/15726\/revisions"}],"predecessor-version":[{"id":15727,"href":"https:\/\/sacramentoqr.com\/index.php?rest_route=\/wp\/v2\/posts\/15726\/revisions\/15727"}],"wp:featuredmedia":[{"embeddable":true,"href":"https:\/\/sacramentoqr.com\/index.php?rest_route=\/wp\/v2\/media\/15728"}],"wp:attachment":[{"href":"https:\/\/sacramentoqr.com\/index.php?rest_route=%2Fwp%2Fv2%2Fmedia&parent=15726"}],"wp:term":[{"taxonomy":"category","embeddable":true,"href":"https:\/\/sacramentoqr.com\/index.php?rest_route=%2Fwp%2Fv2%2Fcategories&post=15726"},{"taxonomy":"post_tag","embeddable":true,"href":"https:\/\/sacramentoqr.com\/index.php?rest_route=%2Fwp%2Fv2%2Ftags&post=15726"}],"curies":[{"name":"wp","href":"https:\/\/api.w.org\/{rel}","templated":true}]}}