{"id":15979,"date":"2023-04-26T15:09:53","date_gmt":"2023-04-26T20:09:53","guid":{"rendered":"https:\/\/sacramentoqr.com\/?p=15979"},"modified":"2023-04-26T20:10:01","modified_gmt":"2023-04-26T20:10:01","slug":"peru-reclama-a-mexico-presidencia-de-la-alianza-del-pacifico","status":"publish","type":"post","link":"https:\/\/sacramentoqr.com\/?p=15979","title":{"rendered":"Per\u00fa reclama a M\u00e9xico presidencia de la Alianza del Pac\u00edfico"},"content":{"rendered":"<p class=\"sc-bczRLJ dist__TextBase-sc-1fnzlkn-2 hxNyjp itaLjB\">La mandataria peruana, Dina Boluarte, reclam\u00f3 el martes la presidencia pro t\u00e9mpore de la Alianza del Pac\u00edfico al mandatario de M\u00e9xico, Andr\u00e9s Manuel L\u00f3pez Obrador, y deplor\u00f3 su actitud \u201creacia\u201d para entregar la jefatura del bloque econ\u00f3mico que le tocaba a Per\u00fa desde diciembre.<\/p>\n<p class=\"sc-bczRLJ dist__TextBase-sc-1fnzlkn-2 hxNyjp itaLjB\">En una ceremonia por el aniversario del bloque, Boluarte critic\u00f3 al mexicano por \u201cno cumplir con su obligaci\u00f3n\u201d. L\u00f3pez Obrador ten\u00eda previsto entregar la presidencia del grupo a Per\u00fa el 14 de diciembre cuando gobernaba entonces en Per\u00fa Pedro Castillo. El mandatario de M\u00e9xico no concret\u00f3 el traspaso, luego de que Castillo fuera destituido por el Congreso peruano el 7 de diciembre tras intentar disolver el Parlamento e iniciar un gobierno de facto.<\/p>\n<p class=\"sc-bczRLJ dist__TextBase-sc-1fnzlkn-2 hxNyjp itaLjB\">\u00abLamento mucho la politizaci\u00f3n que atraviesa la Alianza del Pac\u00edfico por la negativa del presidente de M\u00e9xico por cumplir con su obligaci\u00f3n de transferir a Per\u00fa la presidencia pro t\u00e9mpore\u00bb, dijo Boluarte. A\u00f1adi\u00f3: \u201cNo puedo dejar de deplorar la postura reacia del actual presidente de M\u00e9xico\u201d.<\/p>\n<div id=\"browsi_adWrapper_ai_0_ati_1_rc_0\">\n<p class=\"sc-bczRLJ dist__TextBase-sc-1fnzlkn-2 hxNyjp itaLjB\">El aniversario del bloque, fundado en 2011, no cont\u00f3 con la presencia de representantes en activo de M\u00e9xico, Colombia y Chile. Sin embargo, asistieron el expresidente mexicano Felipe Calder\u00f3n, el excanciller de Chile Alfredo Moreno y, de forma virtual, el expresidente de Colombia Juan Manuel Santos.<\/p>\n<p class=\"sc-bczRLJ dist__TextBase-sc-1fnzlkn-2 hxNyjp itaLjB\">La canciller\u00eda peruana dijo a The Associated Press que a la ceremonia \u201cse invitaron a las autoridades involucradas en la creaci\u00f3n de la Alianza del Pac\u00edfico\u201d. Tambi\u00e9n estuvo presente el excanciller peruano Jos\u00e9 Garc\u00eda Belaunde.<\/p>\n<p class=\"sc-bczRLJ dist__TextBase-sc-1fnzlkn-2 hxNyjp itaLjB\">Tras la destituci\u00f3n de Castillo, su entonces vicepresidenta Boluarte asumi\u00f3 el poder con los votos a favor del Crongreso, lo que deriv\u00f3 en protestas ciudadanas en los Andes que ped\u00edan su renuncia. Las manifestaciones dejaron 67 muertos, de ellos, 49 civiles fallecieron en enfrentamientos con la polic\u00eda y el Ej\u00e9rcito.<\/p>\n<p class=\"sc-bczRLJ dist__TextBase-sc-1fnzlkn-2 hxNyjp itaLjB\">Las relaciones con M\u00e9xico y Colombia se deterioraron despu\u00e9s y en la actualidad ambos pa\u00edses mantienen con Per\u00fa relaciones diplom\u00e1ticas solo a nivel de \u00abencargado de negocios\u00bb.<\/p>\n<p class=\"sc-bczRLJ dist__TextBase-sc-1fnzlkn-2 hxNyjp itaLjB\">En febrero, Boluarte anunci\u00f3 la retirada definitiva de su embajador en M\u00e9xico luego de que L\u00f3pez Obrador la calificara de \u201cpresidenta espuria\u201d. D\u00edas despu\u00e9s, el presidente mexicano dijo que el gobierno peruano era \u201cracista\u201d y que el \u201cpresidente legal y leg\u00edtimo\u201d era Castillo, quien est\u00e1 en prisi\u00f3n preventiva por tres a\u00f1os mientras es investigado por los presuntos delitos de corrupci\u00f3n y rebeli\u00f3n.<\/p>\n<p class=\"sc-bczRLJ dist__TextBase-sc-1fnzlkn-2 hxNyjp itaLjB\">En marzo, tambi\u00e9n Per\u00fa anunci\u00f3 la retirada definitiva del embajador en Colombia dado que el presidente de ese pa\u00eds, Gustavo Petro, hab\u00eda dicho en la vig\u00e9simo octava Cumbre Iberoamericana que el expresidente peruano Castillo, \u201choy deber\u00eda estar aqu\u00ed, lo sacaron, est\u00e1 preso\u201d.<\/p>\n<p class=\"sc-bczRLJ dist__TextBase-sc-1fnzlkn-2 hxNyjp itaLjB\">Per\u00fa, Chile, Colombia y M\u00e9xico, con una poblaci\u00f3n total de 225 millones de personas, suman el 37% del Producto Interno Bruto de Am\u00e9rica Latina y el Caribe. En sus manos est\u00e1 m\u00e1s de la mitad del comercio regional (52%) y concentran el 45% de la inversi\u00f3n extranjera directa, de acuerdo con datos oficiales de la Alianza del Pac\u00edfico.<\/p>\n<\/div>\n","protected":false},"excerpt":{"rendered":"<p>La mandataria peruana, Dina Boluarte, reclam\u00f3 el martes la presidencia pro t\u00e9mpore de la Alianza&#8230;<\/p>\n","protected":false},"author":1,"featured_media":15981,"comment_status":"open","ping_status":"closed","sticky":false,"template":"","format":"standard","meta":{"footnotes":""},"categories":[7],"tags":[],"class_list":["post-15979","post","type-post","status-publish","format-standard","has-post-thumbnail","hentry","category-nacional"],"_links":{"self":[{"href":"https:\/\/sacramentoqr.com\/index.php?rest_route=\/wp\/v2\/posts\/15979","targetHints":{"allow":["GET"]}}],"collection":[{"href":"https:\/\/sacramentoqr.com\/index.php?rest_route=\/wp\/v2\/posts"}],"about":[{"href":"https:\/\/sacramentoqr.com\/index.php?rest_route=\/wp\/v2\/types\/post"}],"author":[{"embeddable":true,"href":"https:\/\/sacramentoqr.com\/index.php?rest_route=\/wp\/v2\/users\/1"}],"replies":[{"embeddable":true,"href":"https:\/\/sacramentoqr.com\/index.php?rest_route=%2Fwp%2Fv2%2Fcomments&post=15979"}],"version-history":[{"count":1,"href":"https:\/\/sacramentoqr.com\/index.php?rest_route=\/wp\/v2\/posts\/15979\/revisions"}],"predecessor-version":[{"id":15980,"href":"https:\/\/sacramentoqr.com\/index.php?rest_route=\/wp\/v2\/posts\/15979\/revisions\/15980"}],"wp:featuredmedia":[{"embeddable":true,"href":"https:\/\/sacramentoqr.com\/index.php?rest_route=\/wp\/v2\/media\/15981"}],"wp:attachment":[{"href":"https:\/\/sacramentoqr.com\/index.php?rest_route=%2Fwp%2Fv2%2Fmedia&parent=15979"}],"wp:term":[{"taxonomy":"category","embeddable":true,"href":"https:\/\/sacramentoqr.com\/index.php?rest_route=%2Fwp%2Fv2%2Fcategories&post=15979"},{"taxonomy":"post_tag","embeddable":true,"href":"https:\/\/sacramentoqr.com\/index.php?rest_route=%2Fwp%2Fv2%2Ftags&post=15979"}],"curies":[{"name":"wp","href":"https:\/\/api.w.org\/{rel}","templated":true}]}}