{"id":15985,"date":"2023-04-26T15:23:38","date_gmt":"2023-04-26T20:23:38","guid":{"rendered":"https:\/\/sacramentoqr.com\/?p=15985"},"modified":"2023-04-26T20:23:47","modified_gmt":"2023-04-26T20:23:47","slug":"directivo-del-instituto-nacional-de-migracion-de-mexico-sera-enjuiciado-por-incendio-en-estacion-migratoria-de-ciudad-juarez","status":"publish","type":"post","link":"https:\/\/sacramentoqr.com\/?p=15985","title":{"rendered":"Directivo del Instituto Nacional de Migraci\u00f3n de M\u00e9xico ser\u00e1 enjuiciado por incendio en estaci\u00f3n migratoria de Ciudad Ju\u00e1rez"},"content":{"rendered":"<p>Un juez federal de M\u00e9xico decidi\u00f3 este martes vincular a proceso al director general de Control y Verificaci\u00f3n Migratoria del Instituto Nacional de Migraci\u00f3n (INM) de M\u00e9xico, Antonio Molina, acusado de ejercicio il\u00edcito del servicio p\u00fablico por el\u00a0incendio en un centro de migrantes de Ciudad Ju\u00e1rez\u00a0ocurrido el 27 de marzo que dej\u00f3 40 muertos, de acuerdo con datos suministrados por el Consejo de la Judicatura Federal.<\/p>\n<p>El juez le prohibi\u00f3 al acusado la salida del pa\u00eds y determin\u00f3 que debe presentarse mensualmente ante las autoridades. Adem\u00e1s, concedi\u00f3 cuatro meses de plazo para el cierre de la investigaci\u00f3n complementaria de la Fiscal\u00eda.<\/p>\n<p>CNN se ha comunicado con la Fiscal\u00eda General de M\u00e9xico a para obtener m\u00e1s informaci\u00f3n. Tambi\u00e9n intenta averiguar si Molina cuenta con representaci\u00f3n legal y c\u00f3mo se declara ante los hechos.<\/p>\n<p>El 27 de marzo se registr\u00f3 un incendio en un centro del Instituto Nacional de Migraci\u00f3n en Ciudad Ju\u00e1rez, Chihuahua, en el noroeste de M\u00e9xico. El incidente provoc\u00f3 la muerte de 40 migrantes y decenas de heridos.<\/p>\n","protected":false},"excerpt":{"rendered":"<p>Un juez federal de M\u00e9xico decidi\u00f3 este martes vincular a proceso al director general de&#8230;<\/p>\n","protected":false},"author":1,"featured_media":15987,"comment_status":"open","ping_status":"closed","sticky":false,"template":"","format":"standard","meta":{"footnotes":""},"categories":[7],"tags":[],"class_list":["post-15985","post","type-post","status-publish","format-standard","has-post-thumbnail","hentry","category-nacional"],"_links":{"self":[{"href":"https:\/\/sacramentoqr.com\/index.php?rest_route=\/wp\/v2\/posts\/15985","targetHints":{"allow":["GET"]}}],"collection":[{"href":"https:\/\/sacramentoqr.com\/index.php?rest_route=\/wp\/v2\/posts"}],"about":[{"href":"https:\/\/sacramentoqr.com\/index.php?rest_route=\/wp\/v2\/types\/post"}],"author":[{"embeddable":true,"href":"https:\/\/sacramentoqr.com\/index.php?rest_route=\/wp\/v2\/users\/1"}],"replies":[{"embeddable":true,"href":"https:\/\/sacramentoqr.com\/index.php?rest_route=%2Fwp%2Fv2%2Fcomments&post=15985"}],"version-history":[{"count":1,"href":"https:\/\/sacramentoqr.com\/index.php?rest_route=\/wp\/v2\/posts\/15985\/revisions"}],"predecessor-version":[{"id":15986,"href":"https:\/\/sacramentoqr.com\/index.php?rest_route=\/wp\/v2\/posts\/15985\/revisions\/15986"}],"wp:featuredmedia":[{"embeddable":true,"href":"https:\/\/sacramentoqr.com\/index.php?rest_route=\/wp\/v2\/media\/15987"}],"wp:attachment":[{"href":"https:\/\/sacramentoqr.com\/index.php?rest_route=%2Fwp%2Fv2%2Fmedia&parent=15985"}],"wp:term":[{"taxonomy":"category","embeddable":true,"href":"https:\/\/sacramentoqr.com\/index.php?rest_route=%2Fwp%2Fv2%2Fcategories&post=15985"},{"taxonomy":"post_tag","embeddable":true,"href":"https:\/\/sacramentoqr.com\/index.php?rest_route=%2Fwp%2Fv2%2Ftags&post=15985"}],"curies":[{"name":"wp","href":"https:\/\/api.w.org\/{rel}","templated":true}]}}