{"id":15994,"date":"2023-04-27T15:35:27","date_gmt":"2023-04-27T20:35:27","guid":{"rendered":"https:\/\/sacramentoqr.com\/?p=15994"},"modified":"2023-04-27T20:35:36","modified_gmt":"2023-04-27T20:35:36","slug":"presidente-de-mexico-admitio-desmayo-por-covid-19-durante-fin-de-semana","status":"publish","type":"post","link":"https:\/\/sacramentoqr.com\/?p=15994","title":{"rendered":"Presidente de M\u00e9xico admiti\u00f3 desmayo por COVID-19 durante fin de semana"},"content":{"rendered":"<h4 style=\"text-align: center;\">\u00abSufr\u00ed una crisis porque se me baj\u00f3 de repente la presi\u00f3n\u00bb, se\u00f1al\u00f3 Andr\u00e9s Manuel L\u00f3pez Obrador.<\/h4>\n<div class=\"row\">El presidente de M\u00e9xico,\u00a0Andr\u00e9s Manuel L\u00f3pez Obrador, reconoci\u00f3 este mi\u00e9rcoles 26 de abril que se hab\u00eda desmayado brevemente durante el fin de semana debido al coronavirus.<\/p>\n<p>\u201cSufr\u00ed una crisis porque se me baj\u00f3 de repente la presi\u00f3n y estando en una reuni\u00f3n con ingenieros militares y con otros servidores p\u00fablicos como que me qued\u00e9 dormido\u201d, dijo L\u00f3pez Obrador en un video grabado desde el Palacio Nacional en Ciudad de M\u00e9xico.<\/p>\n<p>Agreg\u00f3 que se desmay\u00f3 durante una reuni\u00f3n en la pen\u00ednsula de Yucat\u00e1n el domingo, cuando dio positivo en coronavirus.Los medios locales informaron que el mandatario se sinti\u00f3 mareado esa ma\u00f1ana y tuvo que cancelar una gira, algo que su vocero presidencial neg\u00f3 en ese momento.<\/p>\n<p>L\u00f3pez Obrador, de 69 a\u00f1os, ha contra\u00eddo COVID-19 dos veces desde 2021 y sufri\u00f3 un infarto en 2013.<\/p>\n<p>El a\u00f1o pasado, Obrador se someti\u00f3 a un procedimiento de cateterismo card\u00edaco en un hospital militar.<\/p>\n<p><em>*Gozde Bayar y Aicha Sandoval Alaguna contribuyeron con la redacci\u00f3n de esta nota.<\/em><\/div>\n","protected":false},"excerpt":{"rendered":"<p>\u00abSufr\u00ed una crisis porque se me baj\u00f3 de repente la presi\u00f3n\u00bb, se\u00f1al\u00f3 Andr\u00e9s Manuel L\u00f3pez&#8230;<\/p>\n","protected":false},"author":1,"featured_media":15996,"comment_status":"open","ping_status":"closed","sticky":false,"template":"","format":"standard","meta":{"footnotes":""},"categories":[7],"tags":[],"class_list":["post-15994","post","type-post","status-publish","format-standard","has-post-thumbnail","hentry","category-nacional"],"_links":{"self":[{"href":"https:\/\/sacramentoqr.com\/index.php?rest_route=\/wp\/v2\/posts\/15994","targetHints":{"allow":["GET"]}}],"collection":[{"href":"https:\/\/sacramentoqr.com\/index.php?rest_route=\/wp\/v2\/posts"}],"about":[{"href":"https:\/\/sacramentoqr.com\/index.php?rest_route=\/wp\/v2\/types\/post"}],"author":[{"embeddable":true,"href":"https:\/\/sacramentoqr.com\/index.php?rest_route=\/wp\/v2\/users\/1"}],"replies":[{"embeddable":true,"href":"https:\/\/sacramentoqr.com\/index.php?rest_route=%2Fwp%2Fv2%2Fcomments&post=15994"}],"version-history":[{"count":1,"href":"https:\/\/sacramentoqr.com\/index.php?rest_route=\/wp\/v2\/posts\/15994\/revisions"}],"predecessor-version":[{"id":15995,"href":"https:\/\/sacramentoqr.com\/index.php?rest_route=\/wp\/v2\/posts\/15994\/revisions\/15995"}],"wp:featuredmedia":[{"embeddable":true,"href":"https:\/\/sacramentoqr.com\/index.php?rest_route=\/wp\/v2\/media\/15996"}],"wp:attachment":[{"href":"https:\/\/sacramentoqr.com\/index.php?rest_route=%2Fwp%2Fv2%2Fmedia&parent=15994"}],"wp:term":[{"taxonomy":"category","embeddable":true,"href":"https:\/\/sacramentoqr.com\/index.php?rest_route=%2Fwp%2Fv2%2Fcategories&post=15994"},{"taxonomy":"post_tag","embeddable":true,"href":"https:\/\/sacramentoqr.com\/index.php?rest_route=%2Fwp%2Fv2%2Ftags&post=15994"}],"curies":[{"name":"wp","href":"https:\/\/api.w.org\/{rel}","templated":true}]}}