{"id":15997,"date":"2023-04-27T15:50:29","date_gmt":"2023-04-27T20:50:29","guid":{"rendered":"https:\/\/sacramentoqr.com\/?p=15997"},"modified":"2023-04-27T20:50:37","modified_gmt":"2023-04-27T20:50:37","slug":"mexico-critica-la-postura-de-peru-tras-reclamos-sobre-la-alianza-del-pacifico","status":"publish","type":"post","link":"https:\/\/sacramentoqr.com\/?p=15997","title":{"rendered":"M\u00e9xico critica la postura de Per\u00fa tras reclamos sobre la Alianza del Pac\u00edfico"},"content":{"rendered":"<p>El Gobierno mexicano critic\u00f3 este jueves la reuni\u00f3n de la presidenta de Per\u00fa, Dina Boluarte, con el exmandatario mexicano Felipe Calder\u00f3n (2006-2012) en la que ella acus\u00f3 a M\u00e9xico de \u00abparalizar\u00bb la Alianza del Pac\u00edfico por no entregarle la presidencia pro t\u00e9mpore.<\/p>\n<p>\u00abEs verdaderamente lamentable una posici\u00f3n, una declaraci\u00f3n pol\u00edtica alineada al conservadurismo y, desde luego, contraria al inter\u00e9s nacional\u201d, manifest\u00f3 el secretario de Gobernaci\u00f3n, Ad\u00e1n Augusto L\u00f3pez, quien sustituye al presidente, Andr\u00e9s Manuel L\u00f3pez Obrador, contagiado de covid-19.<\/p>\n<p>Sus declaraciones se producen despu\u00e9s de que Boluarte organiz\u00f3 una ceremonia para conmemorar los 12 a\u00f1os de la Alianza del Pac\u00edfico en Lima, donde estuvo Calder\u00f3n, el mayor rival pol\u00edtico de L\u00f3pez Obrador.<\/p>\n<p>Boluarte acus\u00f3 a L\u00f3pez Obrador, quien la tacha de \u00abespuria\u00bb, de tener una \u00abpostura reacia\u00bb a transferirle la presidencia de la Alianza del Pac\u00edfico y que, con ello, ha generado la \u00abparalizaci\u00f3n de la mayor\u00eda de las acciones\u00bb del bloque comercial que tambi\u00e9n integran Chile y Colombia.<\/p>\n<p>Pero el secretario de Gobernaci\u00f3n de M\u00e9xico, el segundo cargo de mayor nivel despu\u00e9s del presidente, defendi\u00f3 la postura del Gobierno, que ha incluido dar asilo a la familia del expresidente peruano Pedro Castillo, destituido en diciembre pasado tras un autogolpe de Estado fallido.<\/p>\n<p>\u201cEn el caso de Per\u00fa, el Gobierno federal, cumpliendo una instrucci\u00f3n del presidente de la Rep\u00fablica, ha actuado con altura de miras. Aqu\u00ed est\u00e1, por ejemplo, se le otorg\u00f3 asilo a la esposa y a los hijos del presidente Castillo, se le da todo el apoyo a los ni\u00f1os\u00bb, dijo.<\/p>\n<p>La Alianza del Pac\u00edfico, constituida formalmente hace 10 a\u00f1os, presume de ser \u00abla octava potencia econ\u00f3mica y la octava potencia exportadora a nivel mundial\u00bb, al representar el 41 % del producto interior bruto (PIB) de Latinoam\u00e9rica y atraer el 38 % de la inversi\u00f3n extranjera directa.<\/p>\n<p>Aunque la alianza hab\u00eda evitado conflictos ideol\u00f3gicos como el de otros organismos latinoamericanos, la crisis de Per\u00fa ha causado roces, en particular con M\u00e9xico, donde L\u00f3pez Obrador se niega a entregar la presidencia a Boluarte.<\/p>\n<p>En este contexto, Calder\u00f3n expuso en Lima que en su mandato eran \u00abamigos todos\u00bb.<\/p>\n<p>\u00abLatinoamericanos que nos quer\u00edamos, que reconoc\u00edamos sin regateos nuestra hermandad, sin prejuicios y sin complejos\u00bb, coment\u00f3.<\/p>\n<p>Al respecto, el secretario de Gobernaci\u00f3n de M\u00e9xico expres\u00f3 que \u201csi algo ha caracterizado a Felipe Calder\u00f3n ha sido su entreguismo a los intereses extranjeros\u201d.<\/p>\n","protected":false},"excerpt":{"rendered":"<p>El Gobierno mexicano critic\u00f3 este jueves la reuni\u00f3n de la presidenta de Per\u00fa, Dina Boluarte,&#8230;<\/p>\n","protected":false},"author":1,"featured_media":15999,"comment_status":"open","ping_status":"closed","sticky":false,"template":"","format":"standard","meta":{"footnotes":""},"categories":[7],"tags":[],"class_list":["post-15997","post","type-post","status-publish","format-standard","has-post-thumbnail","hentry","category-nacional"],"_links":{"self":[{"href":"https:\/\/sacramentoqr.com\/index.php?rest_route=\/wp\/v2\/posts\/15997","targetHints":{"allow":["GET"]}}],"collection":[{"href":"https:\/\/sacramentoqr.com\/index.php?rest_route=\/wp\/v2\/posts"}],"about":[{"href":"https:\/\/sacramentoqr.com\/index.php?rest_route=\/wp\/v2\/types\/post"}],"author":[{"embeddable":true,"href":"https:\/\/sacramentoqr.com\/index.php?rest_route=\/wp\/v2\/users\/1"}],"replies":[{"embeddable":true,"href":"https:\/\/sacramentoqr.com\/index.php?rest_route=%2Fwp%2Fv2%2Fcomments&post=15997"}],"version-history":[{"count":1,"href":"https:\/\/sacramentoqr.com\/index.php?rest_route=\/wp\/v2\/posts\/15997\/revisions"}],"predecessor-version":[{"id":15998,"href":"https:\/\/sacramentoqr.com\/index.php?rest_route=\/wp\/v2\/posts\/15997\/revisions\/15998"}],"wp:featuredmedia":[{"embeddable":true,"href":"https:\/\/sacramentoqr.com\/index.php?rest_route=\/wp\/v2\/media\/15999"}],"wp:attachment":[{"href":"https:\/\/sacramentoqr.com\/index.php?rest_route=%2Fwp%2Fv2%2Fmedia&parent=15997"}],"wp:term":[{"taxonomy":"category","embeddable":true,"href":"https:\/\/sacramentoqr.com\/index.php?rest_route=%2Fwp%2Fv2%2Fcategories&post=15997"},{"taxonomy":"post_tag","embeddable":true,"href":"https:\/\/sacramentoqr.com\/index.php?rest_route=%2Fwp%2Fv2%2Ftags&post=15997"}],"curies":[{"name":"wp","href":"https:\/\/api.w.org\/{rel}","templated":true}]}}