{"id":16222,"date":"2023-05-08T15:09:29","date_gmt":"2023-05-08T20:09:29","guid":{"rendered":"https:\/\/sacramentoqr.com\/?p=16222"},"modified":"2023-05-08T20:09:38","modified_gmt":"2023-05-08T20:09:38","slug":"llegada-masiva-de-migrantes-desborda-la-frontera-entre-eu-y-mexico-ante-el-fin-del-titulo-42","status":"publish","type":"post","link":"https:\/\/sacramentoqr.com\/?p=16222","title":{"rendered":"Llegada masiva de migrantes desborda la frontera entre EU y M\u00e9xico ante el fin del T\u00edtulo 42"},"content":{"rendered":"<div class=\"sc__header mx-auto  lg:max-w-screen-lg \">\n<h4 class=\"subTitle text-2xl mb-5\" style=\"text-align: center;\">El gobernador de Texas, anunci\u00f3 el despliegue de una nueva unidad de la Guardia Nacional que operar\u00e1 con helic\u00f3pteros para evitar la entrada de migrantes<\/h4>\n<\/div>\n<div class=\"story-image mx-auto  lg:max-w-screen-lg\">\n<p class=\"sc__font-paragraph\">\u00a0Un millar de migrantes acampa precariamente en el centro de la ciudad estadounidense de El Paso, en la frontera con M\u00e9xico, desbordada por la llegada masiva de personas que han decidido arriesgarse a viajar de Estados Unidos, antes de que el jueves se levante el\u00a0<b>T\u00edtulo 42<\/b>, una norma que ha permitido las\u00a0<b>expulsiones \u00aben caliente\u00bb por motivos sanitarios<\/b>.<\/p>\n<p class=\"sc__font-paragraph\">El gobernador de Texas, el republicano\u00a0<b>Greg Abbott<\/b>, anunci\u00f3 este lunes el despliegue de una nueva unidad de la Guardia Nacional que operar\u00e1 con helic\u00f3pteros para evitar la entrada de migrantes desde M\u00e9xico y anticip\u00f3 que est\u00e1n preparando leyes para considerar como \u00ab<b>delito grave<\/b>\u00bb la entrada ilegal y permitir as\u00ed la expulsi\u00f3n de los migrantes.<\/p>\n<p class=\"sc__font-paragraph\">En El Paso est\u00e1 vigente el estado de emergencia desde el 1 de mayo para poder reaccionar con m\u00e1s diligencia a la situaci\u00f3n, debido a la gran afluencia de migrantes que han decidido no esperar a que el T\u00edtulo 42 concluya para intentar buscar una mejor vida en Estados Unidos.<\/p>\n<p class=\"sc__font-paragraph\">En el centro de la ciudad, en torno a la Iglesia del Sagrado Coraz\u00f3n de Jes\u00fas se concentran ya un millar de personas, la mayor\u00eda de ellas indocumentadas y hombres, que se protegen de noche con mantas entregadas por la\u00a0<b>Cruz Roja<\/b>\u00a0y de d\u00eda con improvisados cobijos hechos con lonas del calor que ya se hace notar con fuerza en estas latitudes meridionales del pa\u00eds.<\/p>\n<p class=\"sc__font-paragraph\">Las autoridades han cortado al tr\u00e1fico rodado la calle situada frente al templo, donde la presencia de veh\u00edculos de la polic\u00eda es visible.<\/p>\n<p class=\"sc__font-paragraph\">Tambi\u00e9n se han instalado servicios p\u00fablicos para las personas que se concentran en la zona, muchas de las cuales hacen planes sobre su pr\u00f3ximo paso:\u00a0<b>solicitar asilo<\/b>\u00a0o continuar su camino hacia el norte arriesg\u00e1ndose a ser detenidos y deportados.<\/p>\n<p class=\"sc__font-paragraph\">Un venezolano y un cubano, que no quieren ser grabados ni identificados, muestran sus dudas. Llegaron hace dos d\u00edas y tampoco tienen muy claro qu\u00e9 pueden y qu\u00e9 deben hacer una vez que han cruzado la frontera.<\/p>\n<p class=\"sc__font-paragraph\"><b>Jos\u00e9 Alfredo<\/b>, su mujer y sus hijas de cinco y dos a\u00f1os atravesaron la frontera la madrugada del domingo, \u00aba las dos de la ma\u00f1ana\u00bb.<\/p>\n<p class=\"sc__font-paragraph\">Este hombre hondure\u00f1o asegur\u00f3 a EFE que llevaban cuatro meses en M\u00e9xico, despu\u00e9s de huir del sur de Honduras tras recibir\u00a0<b>amenazas de las maras y de que le asaltaran dos veces su negocio de electrodom\u00e9sticos<\/b>.<\/p>\n<p class=\"sc__font-paragraph\">\u00abHa sido lo m\u00e1s duro que hemos pasado, lo m\u00e1s dif\u00edcil en nuestra vida, muy duro\u00bb, dijo, antes de confesar que ahora est\u00e1n m\u00e1s tranquilos.<\/p>\n<p class=\"sc__font-paragraph\">En un lateral de la iglesia unos altavoces repiten un mensaje le\u00eddo por el miembro de la Alcald\u00eda, el juez del condado Ricardo Samaniego, en el que advierte de que \u00abcada vez son m\u00e1s los migrantes que vienen en camino\u00bb y les avisa de que \u00abprolongar su estad\u00eda en esta ciudad puede retrasar a\u00fan m\u00e1s su proceso migratorio\u00bb.<\/p>\n<p class=\"sc__font-paragraph\">Samaniego insiste en que los albergues de la ciudad solo est\u00e1n preparados para\u00a0<b>brindar alojamiento por tres d\u00edas<\/b>\u00a0a los reci\u00e9n llegados y les conmina a marcharse: \u00abSe espera que la situaci\u00f3n de inmigrantes en la calle empeore\u00bb.<\/p>\n<p class=\"sc__font-paragraph\">\u00abHa sido lo m\u00e1s duro que hemos pasado, lo m\u00e1s dif\u00edcil en nuestra vida, muy duro\u00bb, dijo, antes de confesar que ahora est\u00e1n m\u00e1s tranquilos.<\/p>\n<p class=\"sc__font-paragraph\">En un lateral de la iglesia unos altavoces repiten un mensaje le\u00eddo por el miembro de la Alcald\u00eda, el juez del condado Ricardo Samaniego, en el que advierte de que \u00abcada vez son m\u00e1s los migrantes que vienen en camino\u00bb y les avisa de que \u00abprolongar su estad\u00eda en esta ciudad puede retrasar a\u00fan m\u00e1s su proceso migratorio\u00bb.<\/p>\n<p class=\"sc__font-paragraph\">Samaniego insiste en que los albergues de la ciudad solo est\u00e1n preparados para\u00a0<b>brindar alojamiento por tres d\u00edas<\/b>\u00a0a los reci\u00e9n llegados y les conmina a marcharse: \u00abSe espera que la situaci\u00f3n de inmigrantes en la calle empeore\u00bb.<\/p>\n<h2 class=\"sc__header\">El paso, el punto de mayor entrada de migrantes<\/h2>\n<p class=\"sc__font-paragraph\">Seg\u00fan el jefe de la Patrulla Fronteriza,<b>\u00a0Ra\u00fal Ortiz<\/b>, la regi\u00f3n de El Paso es en la que se ha registrado un mayor n\u00famero de cruces fronterizos en los \u00faltimos seis meses, con una presencia mayoritaria de venezolanos.<\/p>\n<p class=\"sc__font-paragraph\">De acuerdo a datos de la Oficina de Aduana y Protecci\u00f3n Fronteriza de Estados Unidos (CBP, en ingl\u00e9s), entre octubre de 2022 y marzo de este a\u00f1o han sido detenidos en la frontera sur del pa\u00eds un mill\u00f3n\u00a0<b>223 mil 67 migrantes<\/b>, la mayor\u00eda de ellos, en la regi\u00f3n fronteriza de El Paso.<\/p>\n<p class=\"sc__font-paragraph\">En comparaci\u00f3n con el mismo periodo del a\u00f1o pasado el n\u00famero de detenciones en esta zona ha aumentado en un 134%.<\/p>\n<p class=\"sc__font-paragraph\">En estos meses, las autoridades estadounidenses detuvieron a 382 mil 92 mexicanos; 85 mil 664 guatemaltecos; 75 mil 824 hondure\u00f1os y 30 mil 735 salvadore\u00f1os, las principales nacionalidades que tradicionalmente han cruzado la frontera sin solicitar los permisos oportunos.<\/p>\n<p class=\"sc__font-paragraph\">Sin embargo, en los \u00faltimos a\u00f1os ha crecido mucho el flujo de ciudadanos de otros pa\u00edses latinoamericanos y, desde octubre pasado, los cuerpos de seguridad han interceptado 114 mil 710 cubanos, 95 mil 39 nicarag\u00fcenses, 89 mil 201 colombianos, 61 mil 129 venezolanos, 58 mil 254 peruanos y 46 mil 284 haitianos, entre otras muchas nacionalidades.<\/p>\n<\/div>\n","protected":false},"excerpt":{"rendered":"<p>El gobernador de Texas, anunci\u00f3 el despliegue de una nueva unidad de la Guardia Nacional&#8230;<\/p>\n","protected":false},"author":1,"featured_media":16224,"comment_status":"open","ping_status":"closed","sticky":false,"template":"","format":"standard","meta":{"footnotes":""},"categories":[7],"tags":[],"class_list":["post-16222","post","type-post","status-publish","format-standard","has-post-thumbnail","hentry","category-nacional"],"_links":{"self":[{"href":"https:\/\/sacramentoqr.com\/index.php?rest_route=\/wp\/v2\/posts\/16222","targetHints":{"allow":["GET"]}}],"collection":[{"href":"https:\/\/sacramentoqr.com\/index.php?rest_route=\/wp\/v2\/posts"}],"about":[{"href":"https:\/\/sacramentoqr.com\/index.php?rest_route=\/wp\/v2\/types\/post"}],"author":[{"embeddable":true,"href":"https:\/\/sacramentoqr.com\/index.php?rest_route=\/wp\/v2\/users\/1"}],"replies":[{"embeddable":true,"href":"https:\/\/sacramentoqr.com\/index.php?rest_route=%2Fwp%2Fv2%2Fcomments&post=16222"}],"version-history":[{"count":1,"href":"https:\/\/sacramentoqr.com\/index.php?rest_route=\/wp\/v2\/posts\/16222\/revisions"}],"predecessor-version":[{"id":16223,"href":"https:\/\/sacramentoqr.com\/index.php?rest_route=\/wp\/v2\/posts\/16222\/revisions\/16223"}],"wp:featuredmedia":[{"embeddable":true,"href":"https:\/\/sacramentoqr.com\/index.php?rest_route=\/wp\/v2\/media\/16224"}],"wp:attachment":[{"href":"https:\/\/sacramentoqr.com\/index.php?rest_route=%2Fwp%2Fv2%2Fmedia&parent=16222"}],"wp:term":[{"taxonomy":"category","embeddable":true,"href":"https:\/\/sacramentoqr.com\/index.php?rest_route=%2Fwp%2Fv2%2Fcategories&post=16222"},{"taxonomy":"post_tag","embeddable":true,"href":"https:\/\/sacramentoqr.com\/index.php?rest_route=%2Fwp%2Fv2%2Ftags&post=16222"}],"curies":[{"name":"wp","href":"https:\/\/api.w.org\/{rel}","templated":true}]}}