{"id":16571,"date":"2023-05-22T15:25:07","date_gmt":"2023-05-22T20:25:07","guid":{"rendered":"https:\/\/sacramentoqr.com\/?p=16571"},"modified":"2023-05-22T20:25:18","modified_gmt":"2023-05-22T20:25:18","slug":"mexico-dara-visas-temporales-a-centroamericanos-para-trabajar-en-obras-publicas","status":"publish","type":"post","link":"https:\/\/sacramentoqr.com\/?p=16571","title":{"rendered":"M\u00e9xico dar\u00e1 visas temporales a centroamericanos para trabajar en obras p\u00fablicas"},"content":{"rendered":"<p>El presidente de M\u00e9xico, Andr\u00e9s Manuel L\u00f3pez Obrador, anunci\u00f3 este lunes que su Gobierno otorgar\u00e1 visas temporales a centroamericanos para trabajar en las obras p\u00fablicas del pa\u00eds, como el Tren Maya, una de las construcciones m\u00e1s emblem\u00e1ticas de su Administraci\u00f3n.<\/p>\n<p>\u201cEsta semana voy a presentar un programa para nuestros hermanos centroamericanos con el prop\u00f3sito de que puedan tener visas temporales para trabajar en las obras p\u00fablicas en M\u00e9xico, que puedan estar legalmente en nuestro pa\u00eds con visas temporales de trabajo\u201d, inform\u00f3 el mandatario en su rueda de prensa diaria.<\/p>\n<p>L\u00f3pez Obrador admiti\u00f3 que las obras p\u00fablicas promovidas en su sexenio, entre las que destacan el Tren Maya y el corredor interoce\u00e1nico del Istmo de Tehuantepec, est\u00e1n necesitadas de mano de obra.<\/p>\n<p>\u201cNos hacen falta muchos fierreros, soldadores, incluso ingenieros, profesionales\u201d, subray\u00f3.<\/p>\n<p>Para el Tren Maya, que recorrer\u00e1 la regi\u00f3n del sur de M\u00e9xico y que est\u00e1 previsto que se inaugure el pr\u00f3ximo diciembre, agreg\u00f3 que el Gobierno est\u00e1 mandando a conductores y mec\u00e1nicos a Europa para que reciban capacitaci\u00f3n.<\/p>\n<p>\u201cEs una labor importante\u201d, incidi\u00f3.<\/p>\n<p>Las obras p\u00fablicas, que L\u00f3pez Obrador ha convertido en los proyectos insignia de su Administraci\u00f3n, han estado rodeadas de pol\u00e9mica por el papel que est\u00e1n teniendo las Fuerzas Armadas en su construcci\u00f3n y gesti\u00f3n, enmarcado en una serie de estrategias que han impulsado la militarizaci\u00f3n del pa\u00eds.<\/p>\n<div class=\"enhancement\" data-click=\"enhancement\" data-align-center=\"\">\n<div id=\"nativo_1\"><\/div>\n<\/div>\n<p>Tambi\u00e9n se ha criticado el impacto medioambiental y sobre las comunidades ind\u00edgenas que tendr\u00e1 el Tren Maya, efectos que el Gobierno ha negado.<\/p>\n<p>Respecto a los potenciales trabajadores provenientes de los pa\u00edses de Centroam\u00e9rica como Guatemala, Honduras, El Salvador y Nicaragua, desde donde muchos migrantes llegan a M\u00e9xico en busca de cruzar hasta Estados Unidos, L\u00f3pez Obrador no aclar\u00f3 el procedimiento que tendr\u00e1n que llevar a cabo para conseguir la visa temporal de trabajo.<\/p>\n","protected":false},"excerpt":{"rendered":"<p>El presidente de M\u00e9xico, Andr\u00e9s Manuel L\u00f3pez Obrador, anunci\u00f3 este lunes que su Gobierno otorgar\u00e1&#8230;<\/p>\n","protected":false},"author":1,"featured_media":16573,"comment_status":"open","ping_status":"closed","sticky":false,"template":"","format":"standard","meta":{"footnotes":""},"categories":[9],"tags":[],"class_list":["post-16571","post","type-post","status-publish","format-standard","has-post-thumbnail","hentry","category-politica"],"_links":{"self":[{"href":"https:\/\/sacramentoqr.com\/index.php?rest_route=\/wp\/v2\/posts\/16571","targetHints":{"allow":["GET"]}}],"collection":[{"href":"https:\/\/sacramentoqr.com\/index.php?rest_route=\/wp\/v2\/posts"}],"about":[{"href":"https:\/\/sacramentoqr.com\/index.php?rest_route=\/wp\/v2\/types\/post"}],"author":[{"embeddable":true,"href":"https:\/\/sacramentoqr.com\/index.php?rest_route=\/wp\/v2\/users\/1"}],"replies":[{"embeddable":true,"href":"https:\/\/sacramentoqr.com\/index.php?rest_route=%2Fwp%2Fv2%2Fcomments&post=16571"}],"version-history":[{"count":1,"href":"https:\/\/sacramentoqr.com\/index.php?rest_route=\/wp\/v2\/posts\/16571\/revisions"}],"predecessor-version":[{"id":16572,"href":"https:\/\/sacramentoqr.com\/index.php?rest_route=\/wp\/v2\/posts\/16571\/revisions\/16572"}],"wp:featuredmedia":[{"embeddable":true,"href":"https:\/\/sacramentoqr.com\/index.php?rest_route=\/wp\/v2\/media\/16573"}],"wp:attachment":[{"href":"https:\/\/sacramentoqr.com\/index.php?rest_route=%2Fwp%2Fv2%2Fmedia&parent=16571"}],"wp:term":[{"taxonomy":"category","embeddable":true,"href":"https:\/\/sacramentoqr.com\/index.php?rest_route=%2Fwp%2Fv2%2Fcategories&post=16571"},{"taxonomy":"post_tag","embeddable":true,"href":"https:\/\/sacramentoqr.com\/index.php?rest_route=%2Fwp%2Fv2%2Ftags&post=16571"}],"curies":[{"name":"wp","href":"https:\/\/api.w.org\/{rel}","templated":true}]}}