{"id":16708,"date":"2023-05-26T15:17:12","date_gmt":"2023-05-26T20:17:12","guid":{"rendered":"https:\/\/sacramentoqr.com\/?p=16708"},"modified":"2023-05-26T20:17:20","modified_gmt":"2023-05-26T20:17:20","slug":"tabaco-inteligencia-artificial-periodista-asesinado-en-mexico","status":"publish","type":"post","link":"https:\/\/sacramentoqr.com\/?p=16708","title":{"rendered":"Tabaco, inteligencia artificial, periodista asesinado en M\u00e9xico"},"content":{"rendered":"<div id=\"block-views-block-content-fields-block-lead\" class=\"views-element-container block block-views block-views-block-content-fields-block-lead\">\n<div class=\"content block__content\">\n<div>\n<div class=\"view view-content-fields view-id-content_fields view-display-id-block_lead js-view-dom-id-3099706b47e833c725405854a02a73030f8eb4edd8c50337519ee5463d967164\">\n<div class=\"view-content\">\n<div class=\"views-row\">\n<div class=\"views-field views-field-field-news-story-lead\">\n<div class=\"field-content\">\n<p>La OMS pide a los gobiernos que dejen de subvencionar cultivos de tabaco.\u00a0Solo un 10% de las escuelas y universitarias tiene directrices sobre inteligencia artificial,seg\u00fan una encuesta de la\u00a0UNESCO. La ONU condena el asesinato de un periodista en M\u00e9xico, el tercero en 2023.<\/p>\n<\/div>\n<\/div>\n<\/div>\n<\/div>\n<\/div>\n<\/div>\n<\/div>\n<\/div>\n<div id=\"block-un-base-theme-content\" class=\"lc-main-content block block-system block-system-main-block block-un-base-theme-content\">\n<div class=\"content block__content\">\n<article class=\"node node--type-news-story node--view-mode-full clearfix\" role=\"article\">\n<header><\/header>\n<div class=\"node__content clearfix\">\n<h2>La OMS pide a los gobiernos que dejen de subvencionar cultivos de tabaco<\/h2>\n<p>La\u00a0Organizaci\u00f3n Mundial de la Salud\u00a0(OMS) insta a los gobiernos a dejar de subvencionar el cultivo de tabaco y a apoyar cultivos m\u00e1s sostenibles que podr\u00edan alimentar a millones de personas.<\/p>\n<p>\u201cEl tabaco provoca ocho millones de muertes al a\u00f1o, pero los gobiernos de todo el mundo destinan millones a apoyar las plantaciones de tabaco\u201d, se\u00f1al\u00f3 el doctor Tedros Adhanom Ghebreyesus, director general de la agencia de la ONU.<\/p>\n<p>M\u00e1s de 300 millones de personas en todo el mundo se enfrentan a una inseguridad alimentaria aguda, mientras que m\u00e1s de tres millones de hect\u00e1reas de tierra en m\u00e1s de 120 pa\u00edses se utilizan para cultivar una planta letal, el tabaco, incluso en pa\u00edses donde se pasa hambre.<\/p>\n<p>Un nuevo informe de la OMS, titulado\u00a0<em>Grow food, not tobacco<\/em>\u00a0(Cultivemos alimentos, no tabaco), denuncia tambi\u00e9n a la industria tabacalera por atrapar a los agricultores en un c\u00edrculo vicioso de deuda, propagar el cultivo exagerando sus beneficios econ\u00f3micos y presionar a trav\u00e9s de grupos pantalla agr\u00edcolas.<\/p>\n<p>El cultivo de tabaco causa enfermedades a los propios agricultores expuestos a plaguicidas qu\u00edmicos, humo y\u00a0<strong>tanta nicotina como la de 50 cigarrillos<\/strong>\u00a0y se calcula que m\u00e1s de un mill\u00f3n de ni\u00f1os trabajan en plantaciones de tabaco, lo que les priva de la oportunidad de ir a la escuela.<\/p>\n<p>El cultivo de tabaco es un problema que, hasta ahora, estaba localizado en Asia y Am\u00e9rica del Sur, pero los \u00faltimos datos muestran la expansi\u00f3n de las empresas tabacaleras hacia \u00c1frica. Desde 2005, el volumen de tierras dedicadas al cultivo de tabaco se ha incrementado casi un 20% por toda \u00c1frica.<\/p>\n<p>La OMS, la Organizaci\u00f3n para la Alimentaci\u00f3n y la Agricultura y el\u00a0Programa Mundial de Alimentos\u00a0apoyan la iniciativa \u00abGranjas sin Tabaco\u00bb, que prestar\u00e1 ayuda a m\u00e1s de 5000 agricultores de Kenya y Zambia para que cultiven alimentos sostenibles en lugar de tabaco.<\/p>\n<h2>Solo un 10% de las escuelas y universidades tiene directrices sobre inteligencia artificial<\/h2>\n<p>Una nueva encuesta mundial realizada por la\u00a0UNESCO\u00a0en m\u00e1s de 450 escuelas y universidades ha revelado que menos del 10% han desarrollado pol\u00edticas institucionales o directrices formales relativas al uso de aplicaciones de inteligencia artificial generativa.<\/p>\n<p>En respuesta a la r\u00e1pida aparici\u00f3n de nuevas y potentes herramientas, la UNESCO celebr\u00f3 el jueves la primera reuni\u00f3n mundial de Ministros de Educaci\u00f3n para explorar las oportunidades, los retos y los riesgos inmediatos y de largo alcance. M\u00e1s de 40 ministros compartieron sus planteamientos pol\u00edticos y sus planes.<\/p>\n<p><strong>\u00abNecesitamos urgentemente tomar medidas<\/strong>\u00a0para garantizar que las nuevas tecnolog\u00edas de IA se integren en la educaci\u00f3n en nuestros t\u00e9rminos. Es nuestro deber dar prioridad a la seguridad, la inclusi\u00f3n, la diversidad, la transparencia y la calidad\u00bb, declar\u00f3 Stefania Giannini, subdirectora General de Educaci\u00f3n de la UNESCO.<\/p>\n<p>La Organizaci\u00f3n est\u00e1 elaborando directrices pol\u00edticas sobre el uso de la inteligencia artificial generativa en la educaci\u00f3n y la investigaci\u00f3n, as\u00ed como marcos de competencias para estudiantes y docentes. Estas directrices se presentar\u00e1n durante la Semana del Aprendizaje Digital, que tendr\u00e1 lugar en la Sede de la UNESCO en Par\u00eds del 4 al 7 de septiembre de 2023.<\/p>\n<h2>Condena por el asesinato de un periodista en M\u00e9xico<\/h2>\n<p>La Oficina en M\u00e9xico del Alto Comisionado de las Naciones Unidas para los Derechos Humanos condena el asesinato del periodista Marco Aurelio Ram\u00edrez Hern\u00e1ndez, cometido el 23 de mayo de 2023, en Tehuac\u00e1n, Puebla, y hace un llamado a las autoridades para que investiguen.<\/p>\n<p>El periodista fue atacado por sujetos armados alrededor de las 13:45 horas, cuando se encontraba dentro de su veh\u00edculo en inmediaciones de su domicilio.<\/p>\n<p>Ram\u00edrez trabajo durante m\u00e1s de 30 a\u00f1os como periodista y corresponsal de distintos medios en la zona de Tehuac\u00e1n. Actualmente, colaboraba con la estaci\u00f3n radiof\u00f3nica \u201cEst\u00e9reo Luz FM\u201d, en un programa en el cual analizaba distintos aspectos de la vida p\u00fablica del estado de Puebla, incluidas violaciones de derechos humanos y presuntas irregularidades en el ejercicio de la funci\u00f3n p\u00fablica.<\/p>\n<p><strong>En lo que va de 2023, al menos otros dos periodistas mexicanos han sido asesinados.<\/strong>\u00a0Durante 2022, la oficina de derechos humanos document\u00f3 14 muertes de periodistas y colaboradores de medios.<\/p>\n<h2>La ONU ha llevado ayuda a m\u00e1s de cinco millones de ucranianos<\/h2>\n<p>Y en Ucrania los combates no cesan y est\u00e1n teniendo un impacto devastador en las comunidades, del este y el sur del pa\u00eds.<\/p>\n<p>\u00abLa escalada de la guerra se est\u00e1 cobrando\u00a0<strong>un alto precio entre los civiles<\/strong>\u00a0que viven cerca de la l\u00ednea del frente, los que no pueden regresar a sus hogares y los que viven en todo el pa\u00eds bajo la amenaza casi diaria de ataques\u00bb, declar\u00f3 Jens Laerke, portavoz de la\u00a0Oficina de Coordinaci\u00f3n de Asuntos Humanitarios\u00a0(OCHA).<\/p>\n<p>La ONU ha proporcionado ayuda a m\u00e1s de 5,4 millones de personas, sin embargo el suministro a las aldeas y ciudades cercanas a los frentes sigue siendo dif\u00edcil.<\/p>\n<p>\u201cLa asistencia a las zonas bajo control militar ruso sigue siendo extremadamente limitada. Este a\u00f1o, debido al empeoramiento de la situaci\u00f3n de seguridad, y a los cambios en las l\u00edneas del frente, los socios humanitarios han perdido el acceso a casi 60.000 personas en unas 40 ciudades y pueblos cercanos a las l\u00edneas del frente en las regiones de Donetsk, Kharkiv y Luhansk\u00bb, dijo el portavoz de OCHA, Jens Laerke.<\/p>\n<\/div>\n<\/article>\n<\/div>\n<\/div>\n<div id=\"block-views-block-content-fields-block-body\" class=\"views-element-container block block-views block-views-block-content-fields-block-body\">\n<div class=\"content block__content\">\n<div>\n<div class=\"view view-content-fields view-id-content_fields view-display-id-block_body js-view-dom-id-7dd3270bfe9f740e42578d5e46f15332e6146762e00f369bd9a9120e41b67295\">\n<div class=\"view-content\">\n<div class=\"views-row\">\n<div class=\"views-field views-field-field-news-story\">\n<div class=\"field-content\">\n<div class=\"paragraph paragraph--type--one-column-text paragraph--view-mode--default\">\n<div class=\"lc-section lc-section-38 layoutcomponents-one-column container lc-inline_section-edit\">\n<div class=\"lc-inline_container-section-edit\">\n<div class=\"row lc-container-cols lc-inline_row-edit\">\n<div class=\"lc-inline_column_first-edit layoutcomponent-column col-md\">\n<div class=\"layout-builder__region js-layout-builder-region lc-inline_column_first-content-edit\" data-region=\"first\">\n<div class=\"block block-layout-builder block-field-block-paragraph-one-column-text-field-text-column\">\n<div class=\"content block__content\">\n<div class=\"clearfix text-formatted field field--name-field-text-column field--type-text-long field--label-hidden field__item\"><\/div>\n<\/div>\n<\/div>\n<\/div>\n<\/div>\n<\/div>\n<\/div>\n<\/div>\n<\/div>\n<\/div>\n<\/div>\n<\/div>\n<\/div>\n<\/div>\n<\/div>\n<\/div>\n<\/div>\n","protected":false},"excerpt":{"rendered":"<p>La OMS pide a los gobiernos que dejen de subvencionar cultivos de tabaco.\u00a0Solo un 10%&#8230;<\/p>\n","protected":false},"author":1,"featured_media":16710,"comment_status":"open","ping_status":"closed","sticky":false,"template":"","format":"standard","meta":{"footnotes":""},"categories":[12],"tags":[],"class_list":["post-16708","post","type-post","status-publish","format-standard","has-post-thumbnail","hentry","category-tecnologia"],"_links":{"self":[{"href":"https:\/\/sacramentoqr.com\/index.php?rest_route=\/wp\/v2\/posts\/16708","targetHints":{"allow":["GET"]}}],"collection":[{"href":"https:\/\/sacramentoqr.com\/index.php?rest_route=\/wp\/v2\/posts"}],"about":[{"href":"https:\/\/sacramentoqr.com\/index.php?rest_route=\/wp\/v2\/types\/post"}],"author":[{"embeddable":true,"href":"https:\/\/sacramentoqr.com\/index.php?rest_route=\/wp\/v2\/users\/1"}],"replies":[{"embeddable":true,"href":"https:\/\/sacramentoqr.com\/index.php?rest_route=%2Fwp%2Fv2%2Fcomments&post=16708"}],"version-history":[{"count":1,"href":"https:\/\/sacramentoqr.com\/index.php?rest_route=\/wp\/v2\/posts\/16708\/revisions"}],"predecessor-version":[{"id":16709,"href":"https:\/\/sacramentoqr.com\/index.php?rest_route=\/wp\/v2\/posts\/16708\/revisions\/16709"}],"wp:featuredmedia":[{"embeddable":true,"href":"https:\/\/sacramentoqr.com\/index.php?rest_route=\/wp\/v2\/media\/16710"}],"wp:attachment":[{"href":"https:\/\/sacramentoqr.com\/index.php?rest_route=%2Fwp%2Fv2%2Fmedia&parent=16708"}],"wp:term":[{"taxonomy":"category","embeddable":true,"href":"https:\/\/sacramentoqr.com\/index.php?rest_route=%2Fwp%2Fv2%2Fcategories&post=16708"},{"taxonomy":"post_tag","embeddable":true,"href":"https:\/\/sacramentoqr.com\/index.php?rest_route=%2Fwp%2Fv2%2Ftags&post=16708"}],"curies":[{"name":"wp","href":"https:\/\/api.w.org\/{rel}","templated":true}]}}