{"id":17968,"date":"2023-07-07T15:30:20","date_gmt":"2023-07-07T20:30:20","guid":{"rendered":"https:\/\/sacramentoqr.com\/?p=17968"},"modified":"2023-07-07T20:30:29","modified_gmt":"2023-07-07T20:30:29","slug":"aspirantes-del-frente-amplio-por-mexico-quienes-se-han-registrado","status":"publish","type":"post","link":"https:\/\/sacramentoqr.com\/?p=17968","title":{"rendered":"Aspirantes del Frente Amplio por M\u00e9xico: \u00bfqui\u00e9nes se han registrado?"},"content":{"rendered":"<div class=\"jsx-3315747106 \">\n<p>El pasado lunes el Comit\u00e9 Organizador del Frente Amplio por M\u00e9xico emiti\u00f3 la convocatoria para el proceso de selecci\u00f3n del responsable para la construcci\u00f3n de este frente pol\u00edtico. El registro de aspirantes se llevar\u00e1 a cabo del 4 al 9 de julio.<\/p>\n<\/div>\n<div class=\"jsx-1921398030 newsbody\">\n<div class=\"jsx-1921398030\">\n<div class=\"jsx-1020194127\">\n<p class=\"jsx-3954459878\">El\u00a0<strong>Frente Amplio por M\u00e9xico<\/strong>\u00a0es una coalici\u00f3n pol\u00edtica conformada por los partidos Acci\u00f3n Nacional (<strong>PAN<\/strong>), Revolucionario Institucional (<strong>PRI<\/strong>) y de la Revoluci\u00f3n Democr\u00e1tica (<strong>PRD<\/strong>), y representantes de la sociedad civil.<\/p>\n<p class=\"jsx-3954459878\">La coalici\u00f3n tendr\u00e1 un candidato o candidata com\u00fan que competir\u00e1 por la presidencia de la rep\u00fablica mexicana en las\u00a0<strong>elecciones de 2024<\/strong>.<\/p>\n<h2 class=\"jsx-1282840227\">Elecci\u00f3n del candidato o candidata por el Frente Amplio por M\u00e9xico<\/h2>\n<p class=\"jsx-3954459878\">El candidato a la presidencia o tambi\u00e9n llamado,\u00a0<strong>Responsable para la Construcci\u00f3n del Frente Amplio por M\u00e9xico<\/strong>, ser\u00e1 elegido mediante un comit\u00e9 de siete especialistas en materia electoral, quienes se encargar\u00e1n de llevar a cabo el proceso.<\/p>\n<p class=\"jsx-3954459878 fi-aic_250\">El Comit\u00e9 Organizador tambi\u00e9n est\u00e1 integrado por representantes de la sociedad civil y expertos electorales y por representantes de los partidos pol\u00edticos PAN, PRI y PRD.<\/p>\n<h2 class=\"jsx-1282840227 fi-aic_250\">\u00bfQui\u00e9nes se han registrado para ser candidatos del Frente Amplio por M\u00e9xico?<\/h2>\n<p class=\"jsx-3954459878\">El pasado lunes el Comit\u00e9 Organizador del Frente Amplio por M\u00e9xico emiti\u00f3 la convocatoria para el proceso de selecci\u00f3n del responsable para la construcci\u00f3n de este frente pol\u00edtico. El registro de aspirantes se llevar\u00e1 a cabo del 4 al 9 de julio.<\/p>\n<p class=\"jsx-3954459878\">El martes la senadora X\u00f3chitl G\u00e1lvez y los diputados Santiago Creel y Gabriel Quadri, as\u00ed como el panista Jorge Luis Preciado, fueron los primeros en registrarse.<\/p>\n<p class=\"jsx-3954459878 fi-aic_250\">El 5 de julio se inscribieron Enrique de la Madrid e Israel Rivas.<\/p>\n<p class=\"jsx-3954459878\">Durante el 6 de julio, Silvano Aureoles, Sergio Iv\u00e1n Torres Bravo, Beatriz Paredes, V\u00edctor Hugo Guti\u00e9rrez Ya\u00f1ez y Ricardo Urbano Barr\u00f3n presentaron su solicitud.<\/p>\n<p class=\"jsx-3954459878\">Las personas que se han registrado como aspirantes a Responsable para la Construcci\u00f3n del Frente Amplio por M\u00e9xico son:<\/p>\n<h2 class=\"jsx-1282840227\">Santiago Creel<\/h2>\n<p class=\"jsx-3954459878 fi-aic_250\">Santiago Creel Miranda es el actual Presidente de la C\u00e1mara de Diputados. Naci\u00f3 el 11 de diciembre de 1954 en la Ciudad de M\u00e9xico. Es licenciado en Derecho por la Universidad Nacional Aut\u00f3noma de M\u00e9xico (UNAM) y cuenta con una Maestr\u00eda en Derecho por la Universidad de Michigan.<\/p>\n<p class=\"jsx-3954459878\">Fue Secretario de Gobernaci\u00f3n durante el gobierno de Vicente Fox. En dos ocasiones fue Precandidato del PAN a la Presidencia de la Rep\u00fablica \u20142005 y 2011\u2014 y en el a\u00f1o 2000 fue Candidato de la Alianza por el Cambio para la jefatura de gobierno del entonces Distrito Federal.<\/p>\n<h2 class=\"jsx-1282840227 fi-aic_250\">X\u00f3chitl G\u00e1lvez<\/h2>\n<p class=\"jsx-3954459878 fi-aic_250\">La senadora panista, Bertha X\u00f3chitl G\u00e1lvez Ruiz, naci\u00f3 el 22 de febrero de 1963 en el estado de Hidalgo. Es Ingeniera en Computaci\u00f3n por la UNAM. En 2010 fue candidata a la gubernatura de Hidalgo por el PAN. Fue Jefa Delegacional en Miguel Hidalgo, CDMX, de 2015 a 2018. Particip\u00f3 en el gabinete de Vicente Fox como Directora General de la Comisi\u00f3n Nacional Para el Desarrollo de los Pueblos Ind\u00edgenas.\u00a0<a href=\"https:\/\/www.eleconomista.com.mx\/politica\/Frente-Amplio-por-Mexico-inicia-el-registro-de-sus-aspirantes-a-la-candidatura-presidencial-20230704-0072.html\" target=\"_blank\" rel=\"noopener\" data-mrf-link=\"https:\/\/www.eleconomista.com.mx\/politica\/Frente-Amplio-por-Mexico-inicia-el-registro-de-sus-aspirantes-a-la-candidatura-presidencial-20230704-0072.html\">Ver nota<\/a>.<\/p>\n<h2 class=\"jsx-1282840227\">Jorge Luis Preciado<\/h2>\n<p class=\"jsx-3954459878 fi-aic_250\">El senador del PAN Jorge Luis Preciado Rodr\u00edguez naci\u00f3 en el estado de Colima el 8 de agosto de 1972. Ha sido diputado del PAN y ocup\u00f3 cargos p\u00fablicos por el partido en el estado de Colima, en 2015 fue candidato a la gubernatura del estado. Es Licenciado en Derecho por la Universidad de Colima.\u00a0<a href=\"https:\/\/www.eleconomista.com.mx\/politica\/Frente-Amplio-por-Mexico-inicia-el-registro-de-sus-aspirantes-a-la-candidatura-presidencial-20230704-0072.html\" target=\"_blank\" rel=\"noopener\" data-mrf-link=\"https:\/\/www.eleconomista.com.mx\/politica\/Frente-Amplio-por-Mexico-inicia-el-registro-de-sus-aspirantes-a-la-candidatura-presidencial-20230704-0072.html\">Ver nota<\/a>.<\/p>\n<h2 class=\"jsx-1282840227\">Gabriel Quadri<\/h2>\n<p class=\"jsx-3954459878 fi-aic_250\">El diputado Gabriel Quadri, quien se afili\u00f3 al PAN en abril del 2023, es originario de la CDMX, naci\u00f3 el 04 de agosto de 1954. Tiene Doctorado y Maestr\u00eda en Econom\u00eda por la Universidad de Texas y Licenciatura en Ingenier\u00eda Civil por la Universidad Iberoamericana. En 1997 fue nombrado Presidente del Instituto Nacional de Ecolog\u00eda. Fue candidato a la Presidencia de M\u00e9xico en las elecciones de 2012, representando al Partido Nueva Alianza. Como Diputado, ha trabajado en diversas comisiones legislativas.\u00a0<a href=\"https:\/\/www.eleconomista.com.mx\/politica\/Frente-Amplio-por-Mexico-inicia-el-registro-de-sus-aspirantes-a-la-candidatura-presidencial-20230704-0072.html\" target=\"_blank\" rel=\"noopener\" data-mrf-link=\"https:\/\/www.eleconomista.com.mx\/politica\/Frente-Amplio-por-Mexico-inicia-el-registro-de-sus-aspirantes-a-la-candidatura-presidencial-20230704-0072.html\">Ver nota<\/a>.<\/p>\n<h2 class=\"jsx-1282840227\">Enrique de la Madrid<\/h2>\n<p class=\"jsx-3954459878\">Enrrique de la Madrid Cordero es Director del Centro para el Futuro de las Ciudades en el Tecnol\u00f3gico de Monterrey, desde 2019. Es hijo de Miguel de la Madrid \u2014Presidente de M\u00e9xico de 1982 a 1988\u2014 naci\u00f3 el 1 de agosto de 1955 en la Ciudad de M\u00e9xico. Es Licenciado en Derecho egresado de la UNAM y tiene una Maestr\u00eda en Administraci\u00f3n P\u00fablica en la Escuela de Gobierno John F. Kennedy de la Universidad de Harvard.<\/p>\n<p class=\"jsx-3954459878 fi-aic_250\">Entre los cargos p\u00fablicos que ha ocupado est\u00e1n los de Coordinador General T\u00e9cnico de la Presidencia de la Comisi\u00f3n Nacional Bancaria y de Valores de 1994 a 1998. En 2000 fue postulado y electo Diputado Federal plurinominal a la LVIII Legislatura, cargo que ocup\u00f3 hasta 2003, a\u00f1o en que fue candidato del PRI a Jefe Delegacional de \u00c1lvaro Obreg\u00f3n, DF.<\/p>\n<p class=\"jsx-3954459878 fi-aic_250\">En 2006 el presidente Felipe Calder\u00f3n Hinojosa lo design\u00f3 Director General de Financiera Rural. En 2015 asumi\u00f3 el cargo como Secretario de Turismo, mismo que desempe\u00f1\u00f3 hasta el final del sexenio de Enrique Pe\u00f1a Nieto en noviembre del 2018.<\/p>\n<h2 class=\"jsx-1282840227\">Israel Rivas<\/h2>\n<p class=\"jsx-3954459878\">Vocero del Movimiento Nacional por la Salud Pap\u00e1s de Ni\u00f1os con C\u00e1ncer. De acuerdo con su perfil en LinkedIn es originario de la CDMX y abogado de profesi\u00f3n. Trabaj\u00f3 10 a\u00f1os como representante legal y gerente y locutor de Veritas Medios Global AC, un medio con ideolog\u00eda cat\u00f3lica que obtuvo una concesi\u00f3n del Instituto Federal de Telecomunicaciones (IFT) para usar una frecuencia radiof\u00f3nica en San Crist\u00f3bal de las Casas, Chiapas, en el a\u00f1o 2012.<\/p>\n<h2 class=\"jsx-1282840227 fi-aic_250\">Silvano Aureoles<\/h2>\n<p class=\"jsx-3954459878 fi-aic_250\">Silvano Aureoles Conejo fue gobernador del estado de Michoac\u00e1n en el per\u00edodo 2015-2021, es miembro fundador del PRD y ha ocupado diversos cargos en el servicio p\u00fablico. Adem\u00e1s de su mandato como gobernador, tambi\u00e9n se ha desempe\u00f1ado como diputado federal y local, y como presidente municipal de Zit\u00e1cuaro, Michoac\u00e1n.<\/p>\n<p class=\"jsx-3954459878\">Nacido el 23 de agosto de 1965 en Car\u00e1cuaro, Michoac\u00e1n, es Ingeniero en Agronom\u00eda con especialidad en Bosques por la Universidad Aut\u00f3noma de Chapingo y Maestro en Ciencias en Desarrollo Rural Regional por la misma instituci\u00f3n.<\/p>\n<h2 class=\"jsx-1282840227 fi-aic_250\">Sergio Iv\u00e1n Torres Bravo<\/h2>\n<p class=\"jsx-3954459878 fi-aic_250\">Sergio Iv\u00e1n Torres Bravo, de origen poblano es doctor en derecho y ex comandante de la Polic\u00eda en Puebla. Actualmente es presidente de la Red Nacional de Asociaciones Policiales.<\/p>\n<h2 class=\"jsx-1282840227\">Beatriz Paredes<\/h2>\n<p class=\"jsx-3954459878 fi-aic_250\">Beatriz Paredes Rangel es Senadora del PRI. Naci\u00f3 el 18 de agosto de 1953 en San Esteban Tizatl\u00e1n, Tlaxcala. Es licenciada en Econom\u00eda por la UNAM con un Posgrado en Literatura Hispanoamericana por la Universidad de Barcelona.<\/p>\n<div class=\"jsx-317244180 jsx-1524344588 jsx-238915999 jsx-2334624270 jsx-771075758 jsx-2932945249 banner\">\n<div class=\"jsx-317244180 jsx-1524344588 jsx-238915999 jsx-2334624270 jsx-771075758 jsx-2932945249\">\n<p class=\"jsx-3954459878 fi-aic_250\">Fue gobernadora del estado de Tlaxcala de 1987 a 1992, siendo la primera mujer en ocupar este cargo en la historia del estado. Posteriormente, se desempe\u00f1\u00f3 como Embajadora de M\u00e9xico en Cuba, Subsecretaria de gobierno de la SEGOB, Presidenta de la Comisi\u00f3n Nacional de Desarrollo Integral y Justicia Social, Subsecretaria de Desarrollo Pol\u00edtico en la SEGOB, y Embajadora de M\u00e9xico en Brasil.<\/p>\n<p class=\"jsx-3954459878\">En 2006 fue Candidata a la Jefatura de Gobierno del DF. Fue presidenta del PRI de 2007 a 2011.<\/p>\n<h2 class=\"jsx-1282840227\">V\u00edctor Hugo Guti\u00e9rrez Y\u00e1\u00f1ez<\/h2>\n<p class=\"jsx-3954459878 fi-aic_250\">V\u00edctor Hugo Guti\u00e9rrez Y\u00e1\u00f1ez, exdiputado local del PAN, partido al que renunci\u00f3 en 2003 para sumarse al Partido Convergencia por la Democracia (PCD); de acuerdo con su sitio personal, naci\u00f3 el 10 de enero de 1970 en la CDMX, y es licenciado en Derecho por el Centro de Estudios en Alta Direcci\u00f3n (CAD) y en Finanzas con especialidad en Administraci\u00f3n Financiera por la Universidad Tecnol\u00f3gica de M\u00e9xico (UNITEC). Adem\u00e1s, ha obtenido maestr\u00edas en Derecho Procesal Civil y Juicio Oral Familiar, Administraci\u00f3n P\u00fablica, Administraci\u00f3n de Negocios, Ciencias de la Educaci\u00f3n, y un doctorado en Ciencias Jur\u00eddicas por la Universidad Anal\u00edtica Constructivista de M\u00e9xico (UNAC).<\/p>\n<div class=\"jsx-317244180 jsx-1524344588 jsx-238915999 jsx-2334624270 jsx-771075758 jsx-2932945249 banner\">\n<h2 class=\"jsx-1282840227 fi-aic_250\">Ricardo Urbano Barr\u00f3n<\/h2>\n<div class=\"jsx-1020194127\">\n<p class=\"jsx-3954459878 fi-aic_250\">El ciudadano apartidista, Ricardo Urbano Barr\u00f3n es administrador de empresas.<\/p>\n<\/div>\n<div class=\"jsx-148385675\"><\/div>\n<figure class=\"jsx-2592424724 jsx-3459409253 \"><\/figure>\n<\/div>\n<\/div>\n<\/div>\n<\/div>\n<\/div>\n<\/div>\n","protected":false},"excerpt":{"rendered":"<p>El pasado lunes el Comit\u00e9 Organizador del Frente Amplio por M\u00e9xico emiti\u00f3 la convocatoria para&#8230;<\/p>\n","protected":false},"author":1,"featured_media":17970,"comment_status":"open","ping_status":"closed","sticky":false,"template":"","format":"standard","meta":{"footnotes":""},"categories":[7],"tags":[],"class_list":["post-17968","post","type-post","status-publish","format-standard","has-post-thumbnail","hentry","category-nacional"],"_links":{"self":[{"href":"https:\/\/sacramentoqr.com\/index.php?rest_route=\/wp\/v2\/posts\/17968","targetHints":{"allow":["GET"]}}],"collection":[{"href":"https:\/\/sacramentoqr.com\/index.php?rest_route=\/wp\/v2\/posts"}],"about":[{"href":"https:\/\/sacramentoqr.com\/index.php?rest_route=\/wp\/v2\/types\/post"}],"author":[{"embeddable":true,"href":"https:\/\/sacramentoqr.com\/index.php?rest_route=\/wp\/v2\/users\/1"}],"replies":[{"embeddable":true,"href":"https:\/\/sacramentoqr.com\/index.php?rest_route=%2Fwp%2Fv2%2Fcomments&post=17968"}],"version-history":[{"count":1,"href":"https:\/\/sacramentoqr.com\/index.php?rest_route=\/wp\/v2\/posts\/17968\/revisions"}],"predecessor-version":[{"id":17969,"href":"https:\/\/sacramentoqr.com\/index.php?rest_route=\/wp\/v2\/posts\/17968\/revisions\/17969"}],"wp:featuredmedia":[{"embeddable":true,"href":"https:\/\/sacramentoqr.com\/index.php?rest_route=\/wp\/v2\/media\/17970"}],"wp:attachment":[{"href":"https:\/\/sacramentoqr.com\/index.php?rest_route=%2Fwp%2Fv2%2Fmedia&parent=17968"}],"wp:term":[{"taxonomy":"category","embeddable":true,"href":"https:\/\/sacramentoqr.com\/index.php?rest_route=%2Fwp%2Fv2%2Fcategories&post=17968"},{"taxonomy":"post_tag","embeddable":true,"href":"https:\/\/sacramentoqr.com\/index.php?rest_route=%2Fwp%2Fv2%2Ftags&post=17968"}],"curies":[{"name":"wp","href":"https:\/\/api.w.org\/{rel}","templated":true}]}}